   {"id":16298,"date":"2016-05-27T09:24:23","date_gmt":"2016-05-27T07:24:23","guid":{"rendered":"http:\/\/testsito.fapim.it\/site\/?p=16298"},"modified":"2021-10-14T10:37:34","modified_gmt":"2021-10-14T08:37:34","slug":"","status":"publish","type":"post","link":"https:\/\/www.fapim.it\/en\/comunicato-stampa\/il-27-maggio-in-fapim-sara-ancora-bimbi-in-azienda\/","title":{"rendered":"","raw":""},"content":{"rendered":"","protected":false,"raw":""},"excerpt":{"rendered":"Anche quest\u2019anno Fapim partecipa all\u2019iniziativa Bimbi in azienda, promossa dal Corriere della sera. Oltre alla visita a stabilimenti e uffici, quest\u2019anno gli oltre 100 bimbi attesi saranno chiamati a portare un disegno, sul tema \u201cmamma\/pap\u00e0 al lavoro in Fapim\u201d, che sar\u00e0 premiato e oggetto di una mostra presso il Fapim Museum, da fine maggio a","protected":false,"raw":""},"author":3,"featured_media":16304,"comment_status":"open","ping_status":"open","sticky":false,"template":"","format":"standard","meta":{"_it_post_content":"Anche quest\u2019anno Fapim partecipa all\u2019iniziativa Bimbi in azienda, promossa dal Corriere della sera.\r\n\r\nOltre alla visita a stabilimenti e uffici, quest\u2019anno gli oltre 100 bimbi attesi saranno chiamati a portare un disegno, sul tema \u201cmamma\/pap\u00e0 al lavoro in Fapim\u201d, che sar\u00e0 premiato e oggetto di una mostra presso il Fapim Museum, da fine maggio a met\u00e0 luglio.\r\n\r\nPer i giovani ospiti, oltre alla consueta merenda con animazione e giochi all\u2019aperto, quest\u2019anno ci saranno laboratori manuali incentrati sui materiali aziendali: dai tre ai sei anni i bimbi potranno manipolare e travasare materie prime e di risulta delle lavorazioni plastiche, plasmare modellini dei prodotti con paste modellabili e giocare con maxi-puzzle creati utilizzando scatole, mentre i pi\u00f9 grandi potranno costruire castelli ed armature con materiali da imaballaggio e cimentarsi nel montaggio senza istruzioni dei prodotti, guidati da maestranze esperte.","_it_post_name":"il-27-maggio-in-fapim-sara-ancora-bimbi-in-azienda","_it_post_excerpt":"Anche quest\u2019anno Fapim partecipa all\u2019iniziativa Bimbi in azienda, promossa dal Corriere della sera.Oltre alla visita a stabilimenti e uffici, quest\u2019anno gli oltre 100 bimbi attesi saranno chiamati a portare un disegno, sul tema \u201cmamma\/pap\u00e0 al lavoro in Fapim\u201d, che sar\u00e0 premiato e oggetto di una mostra presso il Fapim Museum, da fine maggio a met\u00e0 luglio.","_it_post_title":"IL 27 MAGGIO IN FAPIM SARA ANCORA BIMBI IN AZIENDA","_en_post_content":"","_en_post_name":"","_en_post_excerpt":"","_en_post_title":"","_fr_post_content":"","_fr_post_name":"","_fr_post_excerpt":"","_fr_post_title":"","_es_post_content":"","_es_post_name":"","_es_post_excerpt":"","_es_post_title":"","_ru_post_content":"","_ru_post_name":"","_ru_post_excerpt":"","_ru_post_title":"","_pl_post_content":"R\u00f3wnie\u017c w tym roku Fapim we\u017amie udzia\u0142 w inicjatywie Dzieci w pracy promowanej przez Corriere della sera.\r\n\r\nPoza wizyt\u0105 w zak\u0142adach i w biurach, w tym roku ponad 100 dzieci poproszonych zostanie o przyniesienie rysunk\u00f3w zatytu\u0142owanych \u201emama\/tata podczas pracy w Fapim\u201d, kt\u00f3re zostan\u0105 nagrodzone i wystawione w ramach wystawy w Fapim Museum od ko\u0144ca maja do po\u0142owy lipca.\r\n\r\nDla m\u0142odych go\u015bci, poza tradycyjn\u0105 przek\u0105sk\u0105, animacjami i zabawami na \u015bwie\u017cym powietrzu, w tym roku zorganizowane zostan\u0105 warsztaty manualne skupione na poznawaniu surowc\u00f3w u\u017cywanych w zak\u0142adzie: dzieci od trzech do sze\u015bciu lat b\u0119d\u0105 mog\u0142y dotkn\u0105\u0107 surowc\u00f3w i owoc\u00f3w obr\u00f3bki plastycznej, lepi\u0107 modele produkt\u00f3w z modeliny i uk\u0142ada\u0107 wielkie puzzle wykonane ze skrzy\u0144, natomiast starsze dzieci b\u0119d\u0105 mog\u0142y budowa\u0107 zamki i umocnienia z materia\u0142\u00f3w opakowaniowych i spr\u00f3bowa\u0107 zmontowa\u0107 produkty Fapim bez instrukcji, s\u0142uchaj\u0105c wskaz\u00f3wek ekspert\u00f3w.","_pl_post_name":"maja-fapim-wezmie-udzial-w-akcji-dzieci-w-pracy","_pl_post_excerpt":"R\u00f3wnie\u017c w tym roku Fapim we\u017amie udzia\u0142 w inicjatywie Dzieci w pracy promowanej przez Corriere della sera.Poza wizyt\u0105 w zak\u0142adach i w biurach, w tym roku ponad 100 dzieci poproszonych zostanie o przyniesienie rysunk\u00f3w zatytu\u0142owanych \u201emama\/tata podczas pracy w Fapim\u201d, kt\u00f3re zostan\u0105 nagrodzone i wystawione w ramach wystawy w Fapim Museum od ko\u0144ca maja do po\u0142owy lipca.","_pl_post_title":"MAJA FAPIM WE\u0179MIE UDZIA\u0141 W AKCJI DZIECI W PRACY","edit_language":"en","footnotes":""},"categories":[27],"tags":[],"class_list":["post-16298","post","type-post","status-publish","format-standard","has-post-thumbnail","hentry","category-comunicato-stampa"],"_links":{"self":[{"href":"https:\/\/www.fapim.it\/en\/wp-json\/wp\/v2\/posts\/16298","targetHints":{"allow":["GET"]}}],"collection":[{"href":"https:\/\/www.fapim.it\/en\/wp-json\/wp\/v2\/posts"}],"about":[{"href":"https:\/\/www.fapim.it\/en\/wp-json\/wp\/v2\/types\/post"}],"author":[{"embeddable":true,"href":"https:\/\/www.fapim.it\/en\/wp-json\/wp\/v2\/users\/3"}],"replies":[{"embeddable":true,"href":"https:\/\/www.fapim.it\/en\/wp-json\/wp\/v2\/comments?post=16298"}],"version-history":[{"count":1,"href":"https:\/\/www.fapim.it\/en\/wp-json\/wp\/v2\/posts\/16298\/revisions"}],"predecessor-version":[{"id":21326,"href":"https:\/\/www.fapim.it\/en\/wp-json\/wp\/v2\/posts\/16298\/revisions\/21326"}],"wp:featuredmedia":[{"embeddable":true,"href":"https:\/\/www.fapim.it\/en\/wp-json\/wp\/v2\/media\/16304"}],"wp:attachment":[{"href":"https:\/\/www.fapim.it\/en\/wp-json\/wp\/v2\/media?parent=16298"}],"wp:term":[{"taxonomy":"category","embeddable":true,"href":"https:\/\/www.fapim.it\/en\/wp-json\/wp\/v2\/categories?post=16298"},{"taxonomy":"post_tag","embeddable":true,"href":"https:\/\/www.fapim.it\/en\/wp-json\/wp\/v2\/tags?post=16298"}],"curies":[{"name":"wp","href":"https:\/\/api.w.org\/{rel}","templated":true}]}}