   {"id":18461,"date":"2019-07-15T16:13:51","date_gmt":"2019-07-15T14:13:51","guid":{"rendered":"http:\/\/www.fapim.it\/it\/?p=18461"},"modified":"2021-10-13T14:31:23","modified_gmt":"2021-10-13T12:31:23","slug":"domatic-all-open-day-barbiero-minotti","status":"publish","type":"post","link":"https:\/\/www.fapim.it\/en\/eventi-e-news\/domatic-all-open-day-barbiero-minotti\/","title":{"rendered":"Domatic at Barbiero&Minotti open day","raw":"Domatic at Barbiero&Minotti open day"},"content":{"rendered":"<section class=\"section  text-normal section-text-no-shadow section-inner-no-shadow section-normal section-opaque\"  >\r\n    \r\n    <div class=\"background-overlay grid-overlay-0 \" style=\"background-color: rgba(0,0,0,0);\"><\/div>\r\n\r\n    <div class=\"container container-vertical-default\">\r\n        <div class=\"row vertical-default\">\r\n            <div class=\"col-md-12     text-default small-screen-default\"  ><div class=\"col-text-1 text-normal  element-top-20 element-bottom-20\" data-os-animation=\"none\" data-os-animation-delay=\"0s\">\r\n    <p>We took part on June 28, with our Domatic brand, to the open day organized by Barbiero&amp;Minotti, our historical partner in Padova.<\/p>\n<\/div>\r\n<\/div>        <\/div>\r\n    <\/div>\r\n<\/section>\r\n\n","protected":false,"raw":"[vc_row][vc_column][vc_column_text]We took part on June 28, with our Domatic brand, to the open day organized by Barbiero&amp;Minotti, our historical partner in Padova.[\/vc_column_text][\/vc_column][\/vc_row]"},"excerpt":{"rendered":"<p>We took part on June 28, with our Domatic brand, to the open day organized by Barbiero&#038;Minotti, our historical partner in Padova.<\/p>\n","protected":false,"raw":"We took part on June 28, with our Domatic brand, to the open day organized by Barbiero&Minotti, our historical partner in Padova."},"author":3,"featured_media":18462,"comment_status":"open","ping_status":"open","sticky":false,"template":"","format":"standard","meta":{"_it_post_content":"Lo scorso 28 giugno col nostro marchio Domatic abbiamo partecipato alla giornata a porte aperte di Barbiero&amp;Minotti, storico partner di Padova.","_it_post_name":"domatic-all-open-day-barbiero-minotti","_it_post_excerpt":"Lo scorso 28 giugno col nostro marchio Domatic abbiamo partecipato alla giornata a porte aperte di Barbiero&Minotti, storico partner di Padova.","_it_post_title":"Domatic all\u2019open day Barbiero&Minotti","_en_post_content":"[vc_row][vc_column][vc_column_text]We took part on June 28, with our Domatic brand, to the open day organized by Barbiero&amp;Minotti, our historical partner in Padova.[\/vc_column_text][\/vc_column][\/vc_row]","_en_post_name":"domatic-all-open-day-barbiero-minotti","_en_post_excerpt":"We took part on June 28, with our Domatic brand, to the open day organized by Barbiero&Minotti, our historical partner in Padova.","_en_post_title":"Domatic at Barbiero&Minotti open day","_fr_post_content":"[vc_row][vc_column][vc_column_text]Le 28 juin dernier, avec notre marque Domatic, nous avons particip\u00e9 \u00e0 la journ\u00e9e portes ouvertes de Barbiero &amp; Minotti, partenaire historique de Padoue.[\/vc_column_text][\/vc_column][\/vc_row]","_fr_post_name":"domatic-a-la-journee-portes-ouvertes-barbiero-minotti","_fr_post_excerpt":"Le 28 juin dernier, avec notre marque Domatic, nous avons particip\u00e9 \u00e0 la journ\u00e9e portes ouvertes de Barbiero & Minotti, partenaire historique de Padoue.","_fr_post_title":"Domatic \u00e0 la journ\u00e9e portes ouvertes Barbiero & Minotti","_es_post_content":"[vc_row][vc_column][vc_column_text]El pasado 28 de junio, con nuestra marca Domatic tomamos parte al d\u00eda de puertas abiertas de Barbiero&amp;Minotti, nuestro cliente hist\u00f3rico de la ciudad de Padova.[\/vc_column_text][\/vc_column][\/vc_row]","_es_post_name":"domatic-al-dia-de-puertas-abierta-de-barbiero-minotti","_es_post_excerpt":"El pasado 28 de junio, con nuestra marca Domatic tomamos parte al d\u00eda de puertas abiertas de Barbiero&Minotti, nuestro cliente hist\u00f3rico de la ciudad de Padova.","_es_post_title":"Domatic al d\u00eda de puertas abierta de Barbiero&Minotti","_ru_post_content":"","_ru_post_name":"domatic-all-open-day-barbiero-minotti","_ru_post_excerpt":"","_ru_post_title":"","_pl_post_content":"[vc_row][vc_column][vc_column_text]28 czerwca wraz z nasz\u0105 mark\u0105 Domatic wzi\u0119li\u015bmy udzia\u0142 w dniu otwartych drzwi Barbiero&amp;Minotti, naszego wieloletniego partnera z Padwy.[\/vc_column_text][\/vc_column][\/vc_row]","_pl_post_name":"domatic-na-open-day-barbiero-minotti","_pl_post_excerpt":"28 czerwca wraz z nasz\u0105 mark\u0105 Domatic wzi\u0119li\u015bmy udzia\u0142 w dniu otwartych drzwi Barbiero&Minotti, naszego wieloletniego partnera z Padwy.","_pl_post_title":"Domatic na open day Barbiero&Minotti","edit_language":"en","footnotes":""},"categories":[40],"tags":[],"class_list":["post-18461","post","type-post","status-publish","format-standard","has-post-thumbnail","hentry","category-eventi-e-news"],"_links":{"self":[{"href":"https:\/\/www.fapim.it\/en\/wp-json\/wp\/v2\/posts\/18461","targetHints":{"allow":["GET"]}}],"collection":[{"href":"https:\/\/www.fapim.it\/en\/wp-json\/wp\/v2\/posts"}],"about":[{"href":"https:\/\/www.fapim.it\/en\/wp-json\/wp\/v2\/types\/post"}],"author":[{"embeddable":true,"href":"https:\/\/www.fapim.it\/en\/wp-json\/wp\/v2\/users\/3"}],"replies":[{"embeddable":true,"href":"https:\/\/www.fapim.it\/en\/wp-json\/wp\/v2\/comments?post=18461"}],"version-history":[{"count":2,"href":"https:\/\/www.fapim.it\/en\/wp-json\/wp\/v2\/posts\/18461\/revisions"}],"predecessor-version":[{"id":18472,"href":"https:\/\/www.fapim.it\/en\/wp-json\/wp\/v2\/posts\/18461\/revisions\/18472"}],"wp:featuredmedia":[{"embeddable":true,"href":"https:\/\/www.fapim.it\/en\/wp-json\/wp\/v2\/media\/18462"}],"wp:attachment":[{"href":"https:\/\/www.fapim.it\/en\/wp-json\/wp\/v2\/media?parent=18461"}],"wp:term":[{"taxonomy":"category","embeddable":true,"href":"https:\/\/www.fapim.it\/en\/wp-json\/wp\/v2\/categories?post=18461"},{"taxonomy":"post_tag","embeddable":true,"href":"https:\/\/www.fapim.it\/en\/wp-json\/wp\/v2\/tags?post=18461"}],"curies":[{"name":"wp","href":"https:\/\/api.w.org\/{rel}","templated":true}]}}