   {"id":22652,"date":"2023-03-09T14:05:11","date_gmt":"2023-03-09T13:05:11","guid":{"rendered":"https:\/\/www.fapim.it\/?p=22652"},"modified":"2023-03-17T11:02:07","modified_gmt":"2023-03-17T10:02:07","slug":"bau-2023","status":"publish","type":"post","link":"https:\/\/www.fapim.it\/en\/eventi-e-news\/bau-2023\/","title":{"rendered":"BAU 2023","raw":"BAU 2023"},"content":{"rendered":"<section class=\"section  text-normal section-text-no-shadow section-inner-no-shadow section-normal section-opaque\"  >\r\n    \r\n    <div class=\"background-overlay grid-overlay-0 \" style=\"background-color: rgba(0,0,0,0);\"><\/div>\r\n\r\n    <div class=\"container container-vertical-default\">\r\n        <div class=\"row vertical-default\">\r\n            <div class=\"col-md-12     text-default small-screen-default\"  ><div class=\"col-text-1 text-normal lead text-justify element-top-20 element-bottom-20\" data-os-animation=\"none\" data-os-animation-delay=\"0s\">\r\n    <p><strong>Fapim at BAU!<\/strong><\/p>\n<p><strong>From 17 to 22 April BAU returns to Munich,<\/strong> a very important point of reference for architecture and for materials and systems that concern the building sector, with over 2,200 exhibitors from 45 countries and expectations of over 250,000 visitors.<\/p>\n<\/div>\r\n<\/div>        <\/div>\r\n    <\/div>\r\n<\/section>\r\n<section class=\"section  text-normal section-text-no-shadow section-inner-no-shadow section-normal section-opaque\"  >\r\n    \r\n    <div class=\"background-overlay grid-overlay-0 \" style=\"background-color: rgba(0,0,0,0);\"><\/div>\r\n\r\n    <div class=\"container container-vertical-default\">\r\n        <div class=\"row vertical-default\">\r\n            <div class=\"col-md-6     text-default small-screen-default\"  ><div class=\"figure element-top-20 element-bottom-20  \" data-os-animation=\"none\" data-os-animation-delay=\"0s\">\r\n            <a href=\"https:\/\/www.fapim.it\/wp-content\/uploads\/2023\/03\/02_Bau2023.jpg\" class=\"figure-image magnific\" target=\"_self\">\r\n        <img loading=\"lazy\" decoding=\"async\" width=\"1360\" height=\"651\" src=\"https:\/\/www.fapim.it\/wp-content\/uploads\/2023\/03\/02_Bau2023.jpg\" class=\"attachment-full size-full\" alt=\"\" \/>            <\/a>\r\n    <\/div>\r\n<\/div><div class=\"col-md-6     text-default small-screen-default\"  ><div class=\"figure element-top-20 element-bottom-20  \" data-os-animation=\"none\" data-os-animation-delay=\"0s\">\r\n            <a href=\"https:\/\/www.fapim.it\/wp-content\/uploads\/2023\/03\/03_Bau2023.jpg\" class=\"figure-image magnific\" target=\"_self\">\r\n        <img loading=\"lazy\" decoding=\"async\" width=\"1360\" height=\"651\" src=\"https:\/\/www.fapim.it\/wp-content\/uploads\/2023\/03\/03_Bau2023.jpg\" class=\"attachment-full size-full\" alt=\"\" \/>            <\/a>\r\n    <\/div>\r\n<\/div>        <\/div>\r\n    <\/div>\r\n<\/section>\r\n<section class=\"section  text-normal section-text-no-shadow section-inner-no-shadow section-normal section-opaque\"  >\r\n    \r\n    <div class=\"background-overlay grid-overlay-0 \" style=\"background-color: rgba(0,0,0,0);\"><\/div>\r\n\r\n    <div class=\"container container-vertical-default\">\r\n        <div class=\"row vertical-default\">\r\n            <div class=\"col-md-12     text-default small-screen-default\"  ><div class=\"col-text-1 text-normal lead text-justify element-top-20 element-bottom-20\" data-os-animation=\"none\" data-os-animation-delay=\"0s\">\r\n    <p>Fapim is taking part in BAU for the second time, with a completely renovated stand of over 130 square meters to present the many new products coming out in 2023.<\/p>\n<p><strong>You can find us at stand 328 in pavilion C4. <\/strong><\/p>\n<p><strong>We are waiting for you!<\/strong><\/p>\n<\/div>\r\n<\/div>        <\/div>\r\n    <\/div>\r\n<\/section>\r\n<section class=\"section  text-normal section-text-no-shadow section-inner-no-shadow section-normal section-opaque\"  >\r\n    \r\n    <div class=\"background-overlay grid-overlay-0 \" style=\"background-color: rgba(0,0,0,0);\"><\/div>\r\n\r\n    <div class=\"container container-vertical-default\">\r\n        <div class=\"row vertical-default\">\r\n            <div class=\"col-md-12     text-default small-screen-default\"  ><div class=\"figure element-top-20 element-bottom-20  \" data-os-animation=\"none\" data-os-animation-delay=\"0s\">\r\n            <a href=\"https:\/\/www.fapim.it\/wp-content\/uploads\/2023\/03\/04_Bau2023.jpg\" class=\"figure-image magnific\" target=\"_self\">\r\n        <img loading=\"lazy\" decoding=\"async\" width=\"1360\" height=\"651\" src=\"https:\/\/www.fapim.it\/wp-content\/uploads\/2023\/03\/04_Bau2023.jpg\" class=\"attachment-full size-full\" alt=\"\" \/>            <\/a>\r\n    <\/div>\r\n<\/div>        <\/div>\r\n    <\/div>\r\n<\/section>\n","protected":false,"raw":"[vc_row][vc_column width=\"1\/1\"][vc_column_text extra_classes=\"lead text-justify\"]<strong>Fapim at BAU!<\/strong>\r\n\r\n<strong>From 17 to 22 April BAU returns to Munich,<\/strong> a very important point of reference for architecture and for materials and systems that concern the building sector, with over 2,200 exhibitors from 45 countries and expectations of over 250,000 visitors.[\/vc_column_text][\/vc_column][\/vc_row][vc_row][vc_column width=\"1\/2\"][vc_single_image image=\"22656\"][\/vc_column][vc_column width=\"1\/2\"][vc_single_image image=\"22657\"][\/vc_column][\/vc_row][vc_row][vc_column width=\"1\/1\"][vc_column_text extra_classes=\"lead text-justify\"]Fapim is taking part in BAU for the second time, with a completely renovated stand of over 130 square meters to present the many new products coming out in 2023.\r\n\r\n<strong>You can find us at stand 328 in pavilion C4. <\/strong>\r\n\r\n<strong>We are waiting for you!<\/strong>[\/vc_column_text][\/vc_column][\/vc_row][vc_row][vc_column width=\"1\/1\"][vc_single_image image=\"22658\"][\/vc_column][\/vc_row]"},"excerpt":{"rendered":"<p>From 17 to 22 April BAU returns to Munich, a very important point of reference for architecture and for materials and systems that concern the building sector, with over 2,200 exhibitors from 45 countries and expectations of over 250,000 visitors.<\/p>\n","protected":false,"raw":"From 17 to 22 April BAU returns to Munich, a very important point of reference for architecture and for materials and systems that concern the building sector, with over 2,200 exhibitors from 45 countries and expectations of over 250,000 visitors."},"author":4,"featured_media":22659,"comment_status":"open","ping_status":"open","sticky":false,"template":"","format":"standard","meta":{"_it_post_content":"[vc_row][vc_column width=\"1\/1\"][vc_column_text extra_classes=\"lead text-justify\"]<strong>Fapim al BAU!\u00a0<\/strong>\r\n\r\n<strong>Dal 17 al 22 aprile\u00a0ritorna BAU a Monaco di Baviera<\/strong>,\u00a0punto di riferimento importantissimo per l\u2019architettura e per i materiali e i sistemi che riguardano il settore edile, con oltre 2.200\u00a0espositori provenienti da 45 paesi e aspettative di oltre 250.000 visitatori.[\/vc_column_text][\/vc_column][\/vc_row][vc_row][vc_column width=\"1\/2\"][vc_single_image image=\"22656\"][\/vc_column][vc_column width=\"1\/2\"][vc_single_image image=\"22657\"][\/vc_column][\/vc_row][vc_row][vc_column width=\"1\/1\"][vc_column_text extra_classes=\"lead text-justify\"]Fapim partecipa al BAU per la seconda volta, con uno stand di oltre 130 mq completamente rinnovato per presentare le numerose novit\u00e0 in uscita nel 2023.\r\n\r\n<strong>Ci trovate allo stand 328\u00a0nel padiglione C4. <\/strong>\r\n\r\n<strong>Vi aspettiamo!<\/strong>[\/vc_column_text][\/vc_column][\/vc_row][vc_row][vc_column width=\"1\/1\"][vc_single_image image=\"22658\"][\/vc_column][\/vc_row]","_it_post_name":"bau-2023","_it_post_excerpt":"Dal 17 al 22 aprile\u00a0ritorna BAU a Monaco di Baviera,\u00a0punto di riferimento importantissimo per l\u2019architettura e per i materiali e i sistemi che riguardano il settore edile, con oltre 2.200\u00a0espositori provenienti da 45 paesi e aspettative di oltre 250.000 visitatori.","_it_post_title":"BAU 2023","_en_post_content":"[vc_row][vc_column width=\"1\/1\"][vc_column_text extra_classes=\"lead text-justify\"]<strong>Fapim at BAU!<\/strong>\r\n\r\n<strong>From 17 to 22 April BAU returns to Munich,<\/strong> a very important point of reference for architecture and for materials and systems that concern the building sector, with over 2,200 exhibitors from 45 countries and expectations of over 250,000 visitors.[\/vc_column_text][\/vc_column][\/vc_row][vc_row][vc_column width=\"1\/2\"][vc_single_image image=\"22656\"][\/vc_column][vc_column width=\"1\/2\"][vc_single_image image=\"22657\"][\/vc_column][\/vc_row][vc_row][vc_column width=\"1\/1\"][vc_column_text extra_classes=\"lead text-justify\"]Fapim is taking part in BAU for the second time, with a completely renovated stand of over 130 square meters to present the many new products coming out in 2023.\r\n\r\n<strong>You can find us at stand 328 in pavilion C4. <\/strong>\r\n\r\n<strong>We are waiting for you!<\/strong>[\/vc_column_text][\/vc_column][\/vc_row][vc_row][vc_column width=\"1\/1\"][vc_single_image image=\"22658\"][\/vc_column][\/vc_row]","_en_post_name":"bau-2023","_en_post_excerpt":"From 17 to 22 April BAU returns to Munich, a very important point of reference for architecture and for materials and systems that concern the building sector, with over 2,200 exhibitors from 45 countries and expectations of over 250,000 visitors.","_en_post_title":"BAU 2023","_fr_post_content":"[vc_row][vc_column width=\"1\/1\"][vc_column_text extra_classes=\"lead text-justify\"]<strong>Fapim au BAU !<\/strong>\r\n\r\n<strong>Du 17 au 22 avril il y aura le salon BAU \u00e0 Munich,<\/strong> un salon tr\u00e8s important pour l\u2019architecture, les mat\u00e9riaux et les syst\u00e8mes qui concernent le secteur du b\u00e2timent, avec plus de 2.200 exposants de 45 pays et des attentes de plus de 250.000 visiteurs.[\/vc_column_text][\/vc_column][\/vc_row][vc_row][vc_column width=\"1\/2\"][vc_single_image image=\"22656\"][\/vc_column][vc_column width=\"1\/2\"][vc_single_image image=\"22657\"][\/vc_column][\/vc_row][vc_row][vc_column width=\"1\/1\"][vc_column_text extra_classes=\"lead text-justify\"]Fapim participe pour la deuxi\u00e8me fois au BAU, avec un stand enti\u00e8rement r\u00e9nov\u00e9 de plus de 130 m\u00e8tres carr\u00e9s pour pr\u00e9senter les nombreuses nouveaut\u00e9s qui sortent en 2023.\r\n\r\n<strong>Vous pouvez nous trouver au stand 328 dans le pavillon C4. <\/strong>\r\n\r\n<strong>On vous attend\u00a0!<\/strong>[\/vc_column_text][\/vc_column][\/vc_row][vc_row][vc_column width=\"1\/1\"][vc_single_image image=\"22658\"][\/vc_column][\/vc_row]","_fr_post_name":"bau-2023","_fr_post_excerpt":"Du 17 au 22 avril il y aura le salon BAU \u00e0 Munich, un salon tr\u00e8s important pour l\u2019architecture, les mat\u00e9riaux et les syst\u00e8mes qui concernent le secteur du b\u00e2timent, avec plus de 2.200 exposants de 45 pays et des attentes de plus de 250.000 visiteurs.","_fr_post_title":"BAU 2023","_es_post_content":"[vc_row][vc_column width=\"1\/1\"][vc_column_text extra_classes=\"lead text-justify\"]<strong>Fapim en BAU!<\/strong>\r\n\r\n<strong>Del 17 al 22 de abril BAU vuelve a M\u00fanich,<\/strong> un important\u00edsima cita para la arquitectura y\u00a0 los materiales y sistemas referidos al sector de la edificaci\u00f3n, con m\u00e1s de 2.200 expositores de 45 pa\u00edses y una expectativa de m\u00e1s de 250.000 visitantes.[\/vc_column_text][\/vc_column][\/vc_row][vc_row][vc_column width=\"1\/2\"][vc_single_image image=\"22656\"][\/vc_column][vc_column width=\"1\/2\"][vc_single_image image=\"22657\"][\/vc_column][\/vc_row][vc_row][vc_column width=\"1\/1\"][vc_column_text extra_classes=\"lead text-justify\"]Fapim participa por segunda vez en BAU, con un stand de m\u00e1s de 130 metros cuadrados totalmente renovado para presentar las numerosas novedades que saldr\u00e1n al mercado\u00a0 en 2023.\r\n\r\n<strong>Nos encontrar\u00e1s en el stand 328 del pabell\u00f3n C4.<\/strong>\r\n\r\n<strong> \u00a1Te estamos esperando!<\/strong>[\/vc_column_text][\/vc_column][\/vc_row][vc_row][vc_column width=\"1\/1\"][vc_single_image image=\"22658\"][\/vc_column][\/vc_row]","_es_post_name":"bau-2023","_es_post_excerpt":"Del 17 al 22 de abril BAU vuelve a M\u00fanich, un important\u00edsima cita para la arquitectura y\u00a0 los materiales y sistemas referidos al sector de la edificaci\u00f3n, con m\u00e1s de 2.200 expositores de 45 pa\u00edses y una expectativa de m\u00e1s de 250.000 visitantes.","_es_post_title":"BAU 2023","_ru_post_content":"[vc_row][vc_column width=\"1\/1\"][vc_column_text extra_classes=\"lead text-justify\"]<strong>Fapim\u00a0 \u043d\u0430 \u0432\u044b\u0441\u0442\u0430\u0432\u043a\u0435 BAU!<\/strong>\r\n\r\n<strong>\u0421 17 \u043f\u043e 22 \u0430\u043f\u0440\u0435\u043b\u044f \u0432\u043d\u043e\u0432\u044c \u043f\u0440\u043e\u0439\u0434\u0435\u0442 \u0432\u044b\u0441\u0442\u0430\u0432\u043a\u0430 BAU \u0432 \u041c\u043e\u043d\u0430\u043a\u043e \u0434\u0438 \u0411\u0430\u0432\u044c\u0435\u0440\u0430.<\/strong> \u0414\u0430\u043d\u043d\u043e\u0435 \u043c\u0435\u0440\u043e\u043f\u0440\u0438\u044f\u0442\u0438\u0435\u00a0 \u044f\u0432\u043b\u044f\u0435\u0442\u0441\u044f \u0432\u0430\u0436\u043d\u044b\u043c \u043c\u0435\u0441\u0442\u043e\u043c \u0432\u0441\u0442\u0440\u0435\u0447\u0438 \u0432 \u043c\u0438\u0440\u0435 \u0430\u0440\u0445\u0438\u0442\u0435\u043a\u0442\u0443\u0440\u044b \u0438 \u0432 \u0441\u0444\u0435\u0440\u0435 \u0441\u0442\u0440\u043e\u0438\u0442\u0435\u043b\u044c\u0441\u0442\u0432\u0430. \u041d\u0430 \u043d\u0435\u0439 \u043e\u0436\u0438\u0434\u0430\u0435\u0442\u0441\u044f \u0431\u043e\u043b\u0435\u0435, \u0447\u0435\u043c 2.200 \u0443\u0447\u0430\u0441\u0442\u043d\u0438\u043a\u043e\u0432 \u0438\u0437 45 \u0441\u0442\u0440\u0430\u043d \u0438 \u0431\u043e\u043b\u0435\u0435, \u0447\u0435\u043c 250.000 \u043f\u043e\u0441\u0435\u0442\u0438\u0442\u0435\u043b\u0435\u0439.[\/vc_column_text][\/vc_column][\/vc_row][vc_row][vc_column width=\"1\/2\"][vc_single_image image=\"22656\"][\/vc_column][vc_column width=\"1\/2\"][vc_single_image image=\"22657\"][\/vc_column][\/vc_row][vc_row][vc_column width=\"1\/1\"][vc_column_text extra_classes=\"lead text-justify\"]Fapim \u043f\u0440\u0438\u043c\u0435\u0442 \u0443\u0447\u0430\u0441\u0442\u0438\u0435 \u0432 BAU \u0432\u0442\u043e\u0440\u043e\u0439 \u0440\u0430\u0437. \u041d\u0430\u0448 \u0441\u043e\u0432\u0435\u0440\u0448\u0435\u043d\u043d\u043e \u043d\u043e\u0432\u044b\u0439 \u0441\u0442\u0435\u043d\u0434 \u0431\u0443\u0434\u0435\u0442 \u0440\u0430\u0441\u043f\u043e\u043b\u0430\u0433\u0430\u0442\u044c\u0441\u044f \u043d\u0430 \u043f\u043b\u043e\u0449\u0430\u0434\u0438 130 \u043a\u0432. \u043c.\r\n\r\n<strong>\u041d\u0430 \u043d\u0435\u043c \u043c\u043e\u0436\u043d\u043e \u0431\u0443\u0434\u0435\u0442 \u043e\u0437\u043d\u0430\u043a\u043e\u043c\u0438\u0442\u044c\u0441\u044f \u0441 \u043d\u043e\u0432\u0438\u043d\u043a\u0430\u043c\u0438 2023 \u0433\u043e\u0434\u0430. \u0412\u044b \u043d\u0430\u0439\u0434\u0435\u0442\u0435 \u043d\u0430\u0441 \u043d\u0430 \u0441\u0442\u0435\u043d\u0434\u0435 328 \u0432 \u043f\u0430\u0432\u0438\u043b\u044c\u043e\u043d\u0435 \u04214. <\/strong>\r\n\r\n<strong>\u0416\u0434\u0435\u043c \u0432\u0441\u0442\u0440\u0435\u0447\u0438!<\/strong>[\/vc_column_text][\/vc_column][\/vc_row][vc_row][vc_column width=\"1\/1\"][vc_single_image image=\"22658\"][\/vc_column][\/vc_row]","_ru_post_name":"bau-2023","_ru_post_excerpt":"\u0421 17 \u043f\u043e 22 \u0430\u043f\u0440\u0435\u043b\u044f \u0432\u043d\u043e\u0432\u044c \u043f\u0440\u043e\u0439\u0434\u0435\u0442 \u0432\u044b\u0441\u0442\u0430\u0432\u043a\u0430 BAU \u0432 \u041c\u043e\u043d\u0430\u043a\u043e \u0434\u0438 \u0411\u0430\u0432\u044c\u0435\u0440\u0430. \u0414\u0430\u043d\u043d\u043e\u0435 \u043c\u0435\u0440\u043e\u043f\u0440\u0438\u044f\u0442\u0438\u0435\u00a0 \u044f\u0432\u043b\u044f\u0435\u0442\u0441\u044f \u0432\u0430\u0436\u043d\u044b\u043c \u043c\u0435\u0441\u0442\u043e\u043c \u0432\u0441\u0442\u0440\u0435\u0447\u0438 \u0432 \u043c\u0438\u0440\u0435 \u0430\u0440\u0445\u0438\u0442\u0435\u043a\u0442\u0443\u0440\u044b \u0438 \u0432 \u0441\u0444\u0435\u0440\u0435 \u0441\u0442\u0440\u043e\u0438\u0442\u0435\u043b\u044c\u0441\u0442\u0432\u0430. \u041d\u0430 \u043d\u0435\u0439 \u043e\u0436\u0438\u0434\u0430\u0435\u0442\u0441\u044f \u0431\u043e\u043b\u0435\u0435, \u0447\u0435\u043c 2.200 \u0443\u0447\u0430\u0441\u0442\u043d\u0438\u043a\u043e\u0432 \u0438\u0437 45 \u0441\u0442\u0440\u0430\u043d \u0438 \u0431\u043e\u043b\u0435\u0435, \u0447\u0435\u043c 250.000 \u043f\u043e\u0441\u0435\u0442\u0438\u0442\u0435\u043b\u0435\u0439.","_ru_post_title":"BAU 2023","_pl_post_content":"[vc_row][vc_column width=\"1\/1\"][vc_column_text extra_classes=\"lead text-justify\"]<strong>Fapim do BAU<\/strong>\r\n\r\n<strong>W dniach od 17 do 22 kwietnia powracaj\u0105 Targi Bau w Monachium,<\/strong>bardzo wa\u017cny puntk odniesienia dla architektury,materia\u0142\u00f3w i system\u00f3w z bran\u017cy budowlanej.Ponad 2.200 wystawc\u00f3w z 45 kraj\u00f3w i przewidywana obecno\u015b\u0107 ponad 250.000 odwiedzaj\u0105cych.[\/vc_column_text][\/vc_column][\/vc_row][vc_row][vc_column width=\"1\/2\"][vc_single_image image=\"22656\"][\/vc_column][vc_column width=\"1\/2\"][vc_single_image image=\"22657\"][\/vc_column][\/vc_row][vc_row][vc_column width=\"1\/1\"][vc_column_text extra_classes=\"lead text-justify\"]Fapim, bierze udzia\u0142 w Targach BAU po raz drugi, ze stoiskiem o powierzchni 130mq, gruntownie odnowionym, tak aby zaprezentowa\u0107 wszystkie nowo\u015bci z 2023 roku.\r\n\r\n<strong>Znajdziecie nas na stoisku 328 w pawilonie C4. <\/strong>\r\n\r\n<strong>Czekamy na was!!!!<\/strong>[\/vc_column_text][\/vc_column][\/vc_row][vc_row][vc_column width=\"1\/1\"][vc_single_image image=\"22658\"][\/vc_column][\/vc_row]","_pl_post_name":"bau-2023","_pl_post_excerpt":"W dniach od 17 do 22 kwietnia powracaj\u0105 Targi Bau w Monachium,bardzo wa\u017cny puntk odniesienia dla architektury,materia\u0142\u00f3w i system\u00f3w z bran\u017cy budowlanej.Ponad 2.200 wystawc\u00f3w z 45 kraj\u00f3w i przewidywana obecno\u015b\u0107 ponad 250.000 odwiedzaj\u0105cych.","_pl_post_title":"BAU 2023","edit_language":"en","footnotes":""},"categories":[57,40],"tags":[],"class_list":["post-22652","post","type-post","status-publish","format-standard","has-post-thumbnail","hentry","category-news-mobile","category-eventi-e-news"],"_links":{"self":[{"href":"https:\/\/www.fapim.it\/en\/wp-json\/wp\/v2\/posts\/22652","targetHints":{"allow":["GET"]}}],"collection":[{"href":"https:\/\/www.fapim.it\/en\/wp-json\/wp\/v2\/posts"}],"about":[{"href":"https:\/\/www.fapim.it\/en\/wp-json\/wp\/v2\/types\/post"}],"author":[{"embeddable":true,"href":"https:\/\/www.fapim.it\/en\/wp-json\/wp\/v2\/users\/4"}],"replies":[{"embeddable":true,"href":"https:\/\/www.fapim.it\/en\/wp-json\/wp\/v2\/comments?post=22652"}],"version-history":[{"count":11,"href":"https:\/\/www.fapim.it\/en\/wp-json\/wp\/v2\/posts\/22652\/revisions"}],"predecessor-version":[{"id":22674,"href":"https:\/\/www.fapim.it\/en\/wp-json\/wp\/v2\/posts\/22652\/revisions\/22674"}],"wp:featuredmedia":[{"embeddable":true,"href":"https:\/\/www.fapim.it\/en\/wp-json\/wp\/v2\/media\/22659"}],"wp:attachment":[{"href":"https:\/\/www.fapim.it\/en\/wp-json\/wp\/v2\/media?parent=22652"}],"wp:term":[{"taxonomy":"category","embeddable":true,"href":"https:\/\/www.fapim.it\/en\/wp-json\/wp\/v2\/categories?post=22652"},{"taxonomy":"post_tag","embeddable":true,"href":"https:\/\/www.fapim.it\/en\/wp-json\/wp\/v2\/tags?post=22652"}],"curies":[{"name":"wp","href":"https:\/\/api.w.org\/{rel}","templated":true}]}}