   {"id":14352,"date":"2018-11-25T17:46:39","date_gmt":"2018-11-25T16:46:39","guid":{"rendered":"http:\/\/testsito.fapim.it\/site\/?p=14352"},"modified":"2021-10-14T08:47:21","modified_gmt":"2021-10-14T06:47:21","slug":"veteco-2018","status":"publish","type":"post","link":"https:\/\/www.fapim.it\/es\/eventi-e-news\/veteco-2018\/","title":{"rendered":"Veteco 2018","raw":"Veteco 2018"},"content":{"rendered":"<section class=\"section  text-normal section-text-no-shadow section-inner-no-shadow section-normal section-opaque\"  >\r\n    \r\n    <div class=\"background-overlay grid-overlay-0 \" style=\"background-color: rgba(0,0,0,0);\"><\/div>\r\n\r\n    <div class=\"container container-vertical-default\">\r\n        <div class=\"row vertical-default\">\r\n            <div class=\"col-md-12     text-default small-screen-default\"  ><div class=\"col-text-1 text-normal lead text-justify element-top-20 element-bottom-20\" data-os-animation=\"none\" data-os-animation-delay=\"0s\">\r\n    <p>Desde el 13 hasta el 16 noviembre Fapim como de costumbre estar\u00e1 en Veteco el sal\u00f3n internacional dedicado a la ventana, fachada y protecci\u00f3n solar.<br \/>\nEl estand de 200 metros cuadrados completamente renovado en su est\u00e9tica, se expondr\u00e1n los m\u00e1s importantes productos de Fapim y sus novedades entre ellas el nuevo sistema de anti p\u00e1nico Oltre, adem\u00e1s del sistema de corredera elevable Luce. \u00a1Os esperaos a nuestro estand 9D06!<\/p>\n<\/div>\r\n<\/div>        <\/div>\r\n    <\/div>\r\n<\/section>\r\n<section class=\"section  text-normal section-text-no-shadow section-inner-no-shadow section-normal section-opaque\"  >\r\n    \r\n    <div class=\"background-overlay grid-overlay-0 \" style=\"background-color: rgba(0,0,0,0);\"><\/div>\r\n\r\n    <div class=\"container container-vertical-default\">\r\n        <div class=\"row vertical-default\">\r\n            <div class=\"col-md-12     text-default small-screen-default\"  ><p class=\"lead text-center center  text-normal element-top-20 element-bottom-20\" data-os-animation=\"none\" data-os-animation-delay=\"0s\"><\/p><\/div>        <\/div>\r\n    <\/div>\r\n<\/section>\n","protected":false,"raw":"[vc_row][vc_column][vc_column_text extra_classes=\"lead text-justify\"]Desde el 13 hasta el 16 noviembre Fapim como de costumbre estar\u00e1 en Veteco el sal\u00f3n internacional dedicado a la ventana, fachada y protecci\u00f3n solar.\r\nEl estand de 200 metros cuadrados completamente renovado en su est\u00e9tica, se expondr\u00e1n los m\u00e1s importantes productos de Fapim y sus novedades entre ellas el nuevo sistema de anti p\u00e1nico Oltre, adem\u00e1s del sistema de corredera elevable Luce. \u00a1Os esperaos a nuestro estand 9D06![\/vc_column_text][\/vc_column][\/vc_row][vc_row][vc_column width=\"1\/1\"][lead][\/lead][\/vc_column][\/vc_row]"},"excerpt":{"rendered":"<p>Desde el 13 hasta el 16 noviembre Fapim como de costumbre estar\u00e1 en Veteco el sal\u00f3n internacional dedicado a la ventana, fachada y protecci\u00f3n solar. <\/p>\n","protected":false,"raw":"Desde el 13 hasta el 16 noviembre Fapim como de costumbre estar\u00e1 en Veteco el sal\u00f3n internacional dedicado a la ventana, fachada y protecci\u00f3n solar. "},"author":3,"featured_media":14353,"comment_status":"open","ping_status":"open","sticky":false,"template":"","format":"standard","meta":{"_it_post_content":"[vc_row][vc_column][vc_column_text extra_classes=\"lead text-justify\"]Dal 13 al 16 novembre Fapim \u00e8 come di consueto a Madrid per <a href=\"http:\/\/veteco.ifema.es\/es\/inicio\/\">Veteco<\/a>, la fiera internazionale dedicata a finestre, facciate e protezione solare che ci vede da sempre tra i suoi protagonisti.\r\n\r\nNello stand di circa 200 metri quadrati e completamente rinnovato nell\u2019estetica, troveranno posto i maggiori prodotti Fapim e le novit\u00e0, tra cui il nuovo antipanico Oltre e il sistema per alzante-scorrevole Luce. Vi aspettiamo allo stand 9D06![\/vc_column_text][\/vc_column][\/vc_row][vc_row][vc_column width=\"1\/1\"][lead][\/lead][\/vc_column][\/vc_row]","_it_post_name":"veteco-2018","_it_post_excerpt":"Dal 13 al 16 novembre Fapim \u00e8 come di consueto a Madrid per Veteco, la fiera internazionale dedicata a finestre, facciate e protezione solare che ci vede da sempre tra i suoi protagonisti.\r\n","_it_post_title":"Veteco 2018","_en_post_content":"[vc_row][vc_column][vc_column_text extra_classes=\"lead text-justify\"]Fapim will participate, as usual, to Veteco in Madrid, the international exhibition on windows, fa\u00e7ades and sun protection to be held from 13 to 16 November, which has always seen us playing an important role.\r\n\r\nIn our stand of approximately 200 square meters, aesthetically redesigned, the most important Fapim\u2019s products will be displayed along with the new ones such as the OLTRE panic bolt and the LUCE lift and slide system. We look forward to welcoming you in our stand 9D06![\/vc_column_text][\/vc_column][\/vc_row][vc_row][vc_column width=\"1\/1\"][lead][\/lead][\/vc_column][\/vc_row]","_en_post_name":"veteco-2018","_en_post_excerpt":"Fapim will participate, as usual, to Veteco in Madrid, the international exhibition on windows, fa\u00e7ades and sun protection to be held from 13 to 16 November, which has always seen us playing an important role.","_en_post_title":"Veteco 2018","_fr_post_content":"[vc_row][vc_column][vc_column_text extra_classes=\"lead text-justify\"]Fapim participera, comme d\u2019habitude, \u00e0 Veteco, en Madrid, la foire internationale des fen\u00eatres, fa\u00e7ades et protection solaire qui se tiendra du 13 au 16 novembre et qui nous a toujours vu jouer un r\u00f4le important.\r\n\r\nSur son stand de 200 m\u00e8tres carr\u00e9s environ, renouvel\u00e9 du point de vue esth\u00e9tique, Fapim exposera ses produits principaux et ses nouveaut\u00e9s telles que l\u2019antipanique OLTRE et le syst\u00e8me levant et coulissant LUCE. Venez nous rendre visite dans notre stand 9d06\u00a0![\/vc_column_text][\/vc_column][\/vc_row][vc_row][vc_column width=\"1\/1\"][lead][\/lead][\/vc_column][\/vc_row]","_fr_post_name":"veteco-2018","_fr_post_excerpt":"Fapim participera, comme d\u2019habitude, \u00e0 Veteco, en Madrid, la foire internationale des fen\u00eatres, fa\u00e7ades et protection solaire qui se tiendra du 13 au 16 novembre et qui nous a toujours vu jouer un r\u00f4le important.","_fr_post_title":"Veteco 2018","_es_post_content":"[vc_row][vc_column][vc_column_text extra_classes=\"lead text-justify\"]Desde el 13 hasta el 16 noviembre Fapim como de costumbre estar\u00e1 en Veteco el sal\u00f3n internacional dedicado a la ventana, fachada y protecci\u00f3n solar.\r\nEl estand de 200 metros cuadrados completamente renovado en su est\u00e9tica, se expondr\u00e1n los m\u00e1s importantes productos de Fapim y sus novedades entre ellas el nuevo sistema de anti p\u00e1nico Oltre, adem\u00e1s del sistema de corredera elevable Luce. \u00a1Os esperaos a nuestro estand 9D06![\/vc_column_text][\/vc_column][\/vc_row][vc_row][vc_column width=\"1\/1\"][lead][\/lead][\/vc_column][\/vc_row]","_es_post_name":"veteco-2018","_es_post_excerpt":"Desde el 13 hasta el 16 noviembre Fapim como de costumbre estar\u00e1 en Veteco el sal\u00f3n internacional dedicado a la ventana, fachada y protecci\u00f3n solar. ","_es_post_title":"Veteco 2018","_ru_post_content":"[vc_row][vc_column][vc_column_text extra_classes=\"lead text-justify\"]\u0421 13 \u043f\u043e 16 \u043d\u043e\u044f\u0431\u0440\u044f Fapim, \u043a\u0430\u043a \u043e\u0431\u044b\u0447\u043d\u043e, \u0431\u0443\u0434\u0435\u0442 \u0443\u0447\u0430\u0441\u0442\u0432\u043e\u0432\u0430\u0442\u044c \u0432 \u043c\u0435\u0436\u0434\u0443\u043d\u0430\u0440\u043e\u0434\u043d\u043e\u0439 \u0432\u044b\u0441\u0442\u0430\u0432\u043a\u0435 Veteco \u0432 \u041c\u0430\u0434\u0440\u0438\u0434\u0435, \u043f\u043e\u0441\u0432\u044f\u0449\u0435\u043d\u043d\u043e\u0439 \u043e\u043a\u043d\u0430\u043c, \u0444\u0430\u0441\u0430\u0434\u0430\u043c \u0438 \u0437\u0430\u0449\u0438\u0442\u0435 \u043e\u0442 \u0441\u043e\u043b\u043d\u0446\u0430.\r\n\r\n\u041d\u0430 \u0441\u0442\u0435\u043d\u0434\u0435 \u043f\u043b\u043e\u0449\u0430\u0434\u044c\u044e \u043e\u043a\u043e\u043b\u043e 200 \u043a\u0432. \u043c\u0435\u0442\u0440\u043e\u0432 \u043d\u0430 \u043f\u043e\u043b\u043d\u043e\u0441\u0442\u044c\u044e \u043e\u0431\u043d\u043e\u0432\u043b\u0451\u043d\u043d\u043e\u043c \u0441\u0442\u0435\u043d\u0434\u0435 \u043d\u0430\u0439\u0434\u0443\u0442 \u043c\u0435\u0441\u0442\u043e \u043e\u0441\u043d\u043e\u0432\u043d\u044b\u0435 \u043f\u0440\u043e\u0434\u0443\u043a\u0442\u044b \u0438 \u0438\u043d\u043d\u043e\u0432\u0430\u0446\u0438\u0438 Fapim, \u0432 \u0442\u043e\u043c \u0447\u0438\u0441\u043b\u0435 \u043d\u043e\u0432\u0430\u044f \u0430\u043d\u0442\u0438\u043f\u0430\u043d\u0438\u043a\u0430 Oltre \u0438 \u043f\u043e\u0434\u044a\u0435\u043c\u043d\u043e-\u0440\u0430\u0437\u0434\u0432\u0438\u0436\u043d\u0430\u044f \u0441\u0438\u0441\u0442\u0435\u043c\u0430 Luce. \u0411\u0443\u0434\u0435\u043c \u0440\u0430\u0434\u044b \u0432\u0438\u0434\u0435\u0442\u044c \u0432\u0430\u0441 \u043d\u0430 \u0441\u0442\u0435\u043d\u0434\u0435 9D06![\/vc_column_text][\/vc_column][\/vc_row][vc_row][vc_column width=\"1\/1\"][lead][\/lead][\/vc_column][\/vc_row]","_ru_post_name":"veteco-2018","_ru_post_excerpt":"\u0421 13 \u043f\u043e 16 \u043d\u043e\u044f\u0431\u0440\u044f Fapim, \u043a\u0430\u043a \u043e\u0431\u044b\u0447\u043d\u043e, \u0431\u0443\u0434\u0435\u0442 \u0443\u0447\u0430\u0441\u0442\u0432\u043e\u0432\u0430\u0442\u044c \u0432 \u043c\u0435\u0436\u0434\u0443\u043d\u0430\u0440\u043e\u0434\u043d\u043e\u0439 \u0432\u044b\u0441\u0442\u0430\u0432\u043a\u0435 Veteco \u0432 \u041c\u0430\u0434\u0440\u0438\u0434\u0435, \u043f\u043e\u0441\u0432\u044f\u0449\u0435\u043d\u043d\u043e\u0439 \u043e\u043a\u043d\u0430\u043c, \u0444\u0430\u0441\u0430\u0434\u0430\u043c \u0438 \u0437\u0430\u0449\u0438\u0442\u0435 \u043e\u0442 \u0441\u043e\u043b\u043d\u0446\u0430. ","_ru_post_title":"Veteco 2018","_pl_post_content":"[vc_row][vc_column][vc_column_text extra_classes=\"lead text-justify\"]Od 13 do 16 listopada Fapim jak zawsze b\u0119dzie w Madrycie na <a href=\"http:\/\/veteco.ifema.es\/es\/inicio\/\">Vateco<\/a> mi\u0119dzynarodowych targach po\u015bwi\u0119conych oknom, fasadom i zabezpieczeniom przeciws\u0142onecznym, w kt\u00f3rych uczestniczymy od zawsze.\r\n\r\nNa w pe\u0142ni wyremontowanym stanowisku o powierzchni oko\u0142o 200 metr\u00f3w kwadratowych znajd\u0105 si\u0119 najwa\u017cniejsze produkty Fapim oraz nowo\u015bci, a w\u015br\u00f3d nich nowa klamka antypaniczna Oltre i system podnoszono-przesuwny Luce. Czekamy na was na stoisku 9D06![\/vc_column_text][\/vc_column][\/vc_row][vc_row][vc_column width=\"1\/1\"][lead][\/lead][\/vc_column][\/vc_row]","_pl_post_name":"veteco-2018","_pl_post_excerpt":"Od 13 do 16 listopada Fapim jak zawsze b\u0119dzie w Madrycie na Vateco mi\u0119dzynarodowych targach po\u015bwi\u0119conych oknom, fasadom i zabezpieczeniom przeciws\u0142onecznym, w kt\u00f3rych uczestniczymy od zawsze.","_pl_post_title":"Veteco 2018","edit_language":"es","footnotes":""},"categories":[40],"tags":[],"class_list":["post-14352","post","type-post","status-publish","format-standard","has-post-thumbnail","hentry","category-eventi-e-news"],"_links":{"self":[{"href":"https:\/\/www.fapim.it\/es\/wp-json\/wp\/v2\/posts\/14352","targetHints":{"allow":["GET"]}}],"collection":[{"href":"https:\/\/www.fapim.it\/es\/wp-json\/wp\/v2\/posts"}],"about":[{"href":"https:\/\/www.fapim.it\/es\/wp-json\/wp\/v2\/types\/post"}],"author":[{"embeddable":true,"href":"https:\/\/www.fapim.it\/es\/wp-json\/wp\/v2\/users\/3"}],"replies":[{"embeddable":true,"href":"https:\/\/www.fapim.it\/es\/wp-json\/wp\/v2\/comments?post=14352"}],"version-history":[{"count":2,"href":"https:\/\/www.fapim.it\/es\/wp-json\/wp\/v2\/posts\/14352\/revisions"}],"predecessor-version":[{"id":18198,"href":"https:\/\/www.fapim.it\/es\/wp-json\/wp\/v2\/posts\/14352\/revisions\/18198"}],"wp:featuredmedia":[{"embeddable":true,"href":"https:\/\/www.fapim.it\/es\/wp-json\/wp\/v2\/media\/14353"}],"wp:attachment":[{"href":"https:\/\/www.fapim.it\/es\/wp-json\/wp\/v2\/media?parent=14352"}],"wp:term":[{"taxonomy":"category","embeddable":true,"href":"https:\/\/www.fapim.it\/es\/wp-json\/wp\/v2\/categories?post=14352"},{"taxonomy":"post_tag","embeddable":true,"href":"https:\/\/www.fapim.it\/es\/wp-json\/wp\/v2\/tags?post=14352"}],"curies":[{"name":"wp","href":"https:\/\/api.w.org\/{rel}","templated":true}]}}