   {"id":23827,"date":"2024-04-08T08:31:12","date_gmt":"2024-04-08T06:31:12","guid":{"rendered":"https:\/\/www.fapim.it\/?p=23827"},"modified":"2024-04-08T15:02:47","modified_gmt":"2024-04-08T13:02:47","slug":"yed2024","status":"publish","type":"post","link":"https:\/\/www.fapim.it\/es\/eventi-e-news\/yed2024\/","title":{"rendered":"Yed2024","raw":"Yed2024"},"content":{"rendered":"<section class=\"section  text-normal section-text-no-shadow section-inner-no-shadow section-normal section-opaque\"  >\r\n    \r\n    <div class=\"background-overlay grid-overlay-0 \" style=\"background-color: rgba(0,0,0,0);\"><\/div>\r\n\r\n    <div class=\"container container-vertical-default\">\r\n        <div class=\"row vertical-default\">\r\n            <div class=\"col-md-12     text-default small-screen-default\"  ><div class=\"col-text-1 text-normal lead text-justify element-top-20 element-bottom-20\" data-os-animation=\"none\" data-os-animation-delay=\"0s\">\r\n    <p><strong>\u00a1Del 11 al 13 de abril Fapim est\u00e1 en YED, en Vicenza Fiere!<\/strong><\/p>\n<\/div>\r\n<\/div>        <\/div>\r\n    <\/div>\r\n<\/section>\r\n<section class=\"section  text-normal section-text-no-shadow section-inner-no-shadow section-normal section-opaque\"  >\r\n    \r\n    <div class=\"background-overlay grid-overlay-0 \" style=\"background-color: rgba(0,0,0,0);\"><\/div>\r\n\r\n    <div class=\"container container-vertical-default\">\r\n        <div class=\"row vertical-default\">\r\n            <div class=\"col-md-12     text-default small-screen-default\"  ><div class=\"figure element-top-20 element-bottom-20  \" data-os-animation=\"none\" data-os-animation-delay=\"0s\">\r\n            <a href=\"https:\/\/www.fapim.it\/wp-content\/uploads\/2024\/04\/01Yed24.jpg\" class=\"figure-image magnific\" target=\"_self\">\r\n        <img loading=\"lazy\" decoding=\"async\" width=\"849\" height=\"567\" src=\"https:\/\/www.fapim.it\/wp-content\/uploads\/2024\/04\/01Yed24.jpg\" class=\"attachment-full size-full\" alt=\"\" \/>            <\/a>\r\n    <\/div>\r\n<\/div>        <\/div>\r\n    <\/div>\r\n<\/section>\r\n<section class=\"section  text-normal section-text-no-shadow section-inner-no-shadow section-normal section-opaque\"  >\r\n    \r\n    <div class=\"background-overlay grid-overlay-0 \" style=\"background-color: rgba(0,0,0,0);\"><\/div>\r\n\r\n    <div class=\"container container-vertical-default\">\r\n        <div class=\"row vertical-default\">\r\n            <div class=\"col-md-12     text-default small-screen-default\"  ><div class=\"col-text-1 text-normal lead text-justify element-top-20 element-bottom-20\" data-os-animation=\"none\" data-os-animation-delay=\"0s\">\r\n    <p>En el evento Colfert al que Fapim participa \u00a0desde la primera edici\u00f3n, crecido durante los a\u00f1os hasta convertirse en YED\u00a0 y ser una cita inmancable para el mercado del\u00a0 aluminio de l Nord y centro de Italia, <strong>Fapim se presenta con un stand renovado, muy acogedor y lleno de novedades para presentar a los visitantes.<\/strong><\/p>\n<\/div>\r\n<\/div>        <\/div>\r\n    <\/div>\r\n<\/section>\r\n<section class=\"section  text-normal section-text-no-shadow section-inner-no-shadow section-normal section-opaque\"  >\r\n    \r\n    <div class=\"background-overlay grid-overlay-0 \" style=\"background-color: rgba(0,0,0,0);\"><\/div>\r\n\r\n    <div class=\"container container-vertical-default\">\r\n        <div class=\"row vertical-default\">\r\n            <div class=\"col-md-4     text-default small-screen-default\"  ><div class=\"figure element-top-20 element-bottom-20  \" data-os-animation=\"none\" data-os-animation-delay=\"0s\">\r\n            <a href=\"https:\/\/www.fapim.it\/wp-content\/uploads\/2024\/04\/02Yed24.jpg\" class=\"figure-image magnific\" target=\"_self\">\r\n        <img loading=\"lazy\" decoding=\"async\" width=\"849\" height=\"567\" src=\"https:\/\/www.fapim.it\/wp-content\/uploads\/2024\/04\/02Yed24.jpg\" class=\"attachment-full size-full\" alt=\"\" \/>            <\/a>\r\n    <\/div>\r\n<\/div><div class=\"col-md-4     text-default small-screen-default\"  ><div class=\"figure element-top-20 element-bottom-20  \" data-os-animation=\"none\" data-os-animation-delay=\"0s\">\r\n            <a href=\"https:\/\/www.fapim.it\/wp-content\/uploads\/2024\/04\/03Yed24.jpg\" class=\"figure-image magnific\" target=\"_self\">\r\n        <img loading=\"lazy\" decoding=\"async\" width=\"849\" height=\"567\" src=\"https:\/\/www.fapim.it\/wp-content\/uploads\/2024\/04\/03Yed24.jpg\" class=\"attachment-full size-full\" alt=\"\" \/>            <\/a>\r\n    <\/div>\r\n<\/div><div class=\"col-md-4     text-default small-screen-default\"  ><div class=\"figure element-top-20 element-bottom-20  \" data-os-animation=\"none\" data-os-animation-delay=\"0s\">\r\n            <a href=\"https:\/\/www.fapim.it\/wp-content\/uploads\/2024\/04\/04Yed24.jpg\" class=\"figure-image magnific\" target=\"_self\">\r\n        <img loading=\"lazy\" decoding=\"async\" width=\"849\" height=\"567\" src=\"https:\/\/www.fapim.it\/wp-content\/uploads\/2024\/04\/04Yed24.jpg\" class=\"attachment-full size-full\" alt=\"\" \/>            <\/a>\r\n    <\/div>\r\n<\/div>        <\/div>\r\n    <\/div>\r\n<\/section>\r\n<section class=\"section  text-normal section-text-no-shadow section-inner-no-shadow section-normal section-opaque\"  >\r\n    \r\n    <div class=\"background-overlay grid-overlay-0 \" style=\"background-color: rgba(0,0,0,0);\"><\/div>\r\n\r\n    <div class=\"container container-vertical-default\">\r\n        <div class=\"row vertical-default\">\r\n            <div class=\"col-md-12     text-default small-screen-default\"  ><div class=\"col-text-1 text-normal lead text-justify element-top-20 element-bottom-20\" data-os-animation=\"none\" data-os-animation-delay=\"0s\">\r\n    <p><strong>En particular, ser\u00e1 una oportunidad para descubrir realmente la \u00faltima versi\u00f3n de la bisagra oculta Magicube 130, que acaba de entrar en producci\u00f3n , y la nueva \u00a0maquina punzonadora para varillas de poliamida FP21 que se podr\u00e1 ver\u00a0 trabajando en el stand, y aun mucho mas!<\/strong><\/p>\n<\/div>\r\n<\/div>        <\/div>\r\n    <\/div>\r\n<\/section>\r\n<section class=\"section  text-normal section-text-no-shadow section-inner-no-shadow section-normal section-opaque\"  >\r\n    \r\n    <div class=\"background-overlay grid-overlay-0 \" style=\"background-color: rgba(0,0,0,0);\"><\/div>\r\n\r\n    <div class=\"container container-vertical-default\">\r\n        <div class=\"row vertical-default\">\r\n            <div class=\"col-md-6     text-center small-screen-center\"  ><div class=\"figure element-top-20 element-bottom-20  \" data-os-animation=\"none\" data-os-animation-delay=\"0s\">\r\n            <a href=\"https:\/\/www.fapim.it\/wp-content\/uploads\/2024\/04\/logo-yed.png\" class=\"figure-image magnific\" target=\"_self\">\r\n        <img loading=\"lazy\" decoding=\"async\" width=\"322\" height=\"157\" src=\"https:\/\/www.fapim.it\/wp-content\/uploads\/2024\/04\/logo-yed.png\" class=\"attachment-full size-full\" alt=\"\" \/>            <\/a>\r\n    <\/div>\r\n<\/div><div class=\"col-md-6     text-center small-screen-center\"  ><div class=\"col-text-1 text-normal lead text-justify element-top-20 element-bottom-20\" data-os-animation=\"none\" data-os-animation-delay=\"0s\">\r\n    <p>En una superficie de 64m2 se exponen puertas y ventanas, adem\u00e1s fr un rinc\u00f3n verde para atender r a los clientes. <strong>\u00a1Te esperamos en YED!<\/strong><\/p>\n<\/div>\r\n<\/div>        <\/div>\r\n    <\/div>\r\n<\/section>\n","protected":false,"raw":"[vc_row][vc_column width=\"1\/1\"][vc_column_text extra_classes=\"lead text-justify\"]<strong>\u00a1Del 11 al 13 de abril Fapim est\u00e1 en YED, en Vicenza Fiere!<\/strong>[\/vc_column_text][\/vc_column][\/vc_row][vc_row][vc_column width=\"1\/1\"][vc_single_image image=\"23820\"][\/vc_column][\/vc_row][vc_row][vc_column width=\"1\/1\"][vc_column_text extra_classes=\"lead text-justify\"]En el evento Colfert al que Fapim participa \u00a0desde la primera edici\u00f3n, crecido durante los a\u00f1os hasta convertirse en YED\u00a0 y ser una cita inmancable para el mercado del\u00a0 aluminio de l Nord y centro de Italia, <strong>Fapim se presenta con un stand renovado, muy acogedor y lleno de novedades para presentar a los visitantes.<\/strong>[\/vc_column_text][\/vc_column][\/vc_row][vc_row][vc_column width=\"1\/3\"][vc_single_image image=\"23821\"][\/vc_column][vc_column width=\"1\/3\"][vc_single_image image=\"23822\"][\/vc_column][vc_column width=\"1\/3\"][vc_single_image image=\"23823\"][\/vc_column][\/vc_row][vc_row][vc_column width=\"1\/1\"][vc_column_text extra_classes=\"lead text-justify\"]<strong>En particular, ser\u00e1 una oportunidad para descubrir realmente la \u00faltima versi\u00f3n de la bisagra oculta Magicube 130, que acaba de entrar en producci\u00f3n , y la nueva \u00a0maquina punzonadora para varillas de poliamida FP21 que se podr\u00e1 ver\u00a0 trabajando en el stand, y aun mucho mas!<\/strong>[\/vc_column_text][\/vc_column][\/vc_row][vc_row][vc_column align=\"center\" align_sm=\"center\" width=\"1\/2\"][vc_single_image image=\"23825\"][\/vc_column][vc_column align=\"center\" align_sm=\"center\" width=\"1\/2\"][vc_column_text extra_classes=\"lead text-justify\"]En una superficie de 64m2 se exponen puertas y ventanas, adem\u00e1s fr un rinc\u00f3n verde para atender r a los clientes. <strong>\u00a1Te esperamos en YED!<\/strong>[\/vc_column_text][\/vc_column][\/vc_row]"},"excerpt":{"rendered":"<p>\u00a1Del 11 al 13 de abril Fapim est\u00e1 en YED, en Vicenza Fiere!<\/p>\n","protected":false,"raw":"\u00a1Del 11 al 13 de abril Fapim est\u00e1 en YED, en Vicenza Fiere!"},"author":4,"featured_media":23832,"comment_status":"open","ping_status":"open","sticky":false,"template":"","format":"standard","meta":{"_it_post_content":"[vc_row][vc_column width=\"1\/1\"][vc_column_text extra_classes=\"lead text-justify\"]<strong>Dall\u201911 al 13 aprile Fapim \u00e8 allo YED, presso Vicenza Fiere!<\/strong>[\/vc_column_text][\/vc_column][\/vc_row][vc_row][vc_column width=\"1\/1\"][vc_single_image image=\"23820\"][\/vc_column][\/vc_row][vc_row][vc_column width=\"1\/1\"][vc_column_text extra_classes=\"lead text-justify\"]All\u2019evento Colfert fin dalla prima edizione partecipando alla sua crescita fino a diventare YED, che oggi \u00e8 sicuramente un appuntamento immancabile per il mercato di tutto il centro nord, <strong>in questa edizione Fapim si presenta con uno stand ancora rinnovato, molto accogliente e ricco di novit\u00e0 da presentare ai visitatori.<\/strong>[\/vc_column_text][\/vc_column][\/vc_row][vc_row][vc_column width=\"1\/3\"][vc_single_image image=\"23821\"][\/vc_column][vc_column width=\"1\/3\"][vc_single_image image=\"23822\"][\/vc_column][vc_column width=\"1\/3\"][vc_single_image image=\"23823\"][\/vc_column][\/vc_row][vc_row][vc_column width=\"1\/1\"][vc_column_text extra_classes=\"lead text-justify\"]<strong>In particolare, sar\u00e0 l\u2019occasione per scoprire dal vero l\u2019ultima versione della cerniera a scomparsa Magicube 130, appena entrata in listino, e la nuova punzonatrice FP21 per le astine in poliammide che sar\u00e0 sullo stand funzionante e tanto altro!<\/strong>[\/vc_column_text][\/vc_column][\/vc_row][vc_row][vc_column align=\"center\" align_sm=\"center\" width=\"1\/2\"][vc_single_image image=\"23825\"][\/vc_column][vc_column align=\"center\" align_sm=\"center\" width=\"1\/2\"][vc_column_text extra_classes=\"lead text-justify\"]Su una superficie di 64mq in mostra porte e finestre, ma anche la tecnologia pi\u00f9 avanzata e un angolo verde dove accogliere i clienti. <strong>Vi aspettiamo allo YED!<\/strong>[\/vc_column_text][\/vc_column][\/vc_row]","_it_post_name":"yed2024","_it_post_excerpt":"Dall\u201911 al 13 aprile Fapim \u00e8 allo YED, presso Vicenza Fiere!","_it_post_title":"Yed2024","_en_post_content":"[vc_row][vc_column width=\"1\/1\"][vc_column_text extra_classes=\"lead text-justify\"]<strong>From 11 to 13 April Fapim is at YED, at Vicenza Fiere!<\/strong>[\/vc_column_text][\/vc_column][\/vc_row][vc_row][vc_column width=\"1\/1\"][vc_single_image image=\"23820\"][\/vc_column][\/vc_row][vc_row][vc_column width=\"1\/1\"][vc_column_text extra_classes=\"lead text-justify\"]The Colfert event, where FAPIM is present since the first edition, has grown to become YED, and today is certainly an unmissable event for the market throughout the central and northern part of the country. <strong>In this edition Fapim presents itself with a stand that is still renovated, very welcoming and full of news to present to visitors.<\/strong>[\/vc_column_text][\/vc_column][\/vc_row][vc_row][vc_column width=\"1\/3\"][vc_single_image image=\"23821\"][\/vc_column][vc_column width=\"1\/3\"][vc_single_image image=\"23822\"][\/vc_column][vc_column width=\"1\/3\"][vc_single_image image=\"23823\"][\/vc_column][\/vc_row][vc_row][vc_column width=\"1\/1\"][vc_column_text extra_classes=\"lead text-justify\"]<strong>In particular it will be an opportunity to discover for real the last version of Magicube 130 hidden hinge , which has just entered in production and the new FP21 punching machine for polyamide rods which will be working on our stand and much more!<\/strong>[\/vc_column_text][\/vc_column][\/vc_row][vc_row][vc_column align=\"center\" align_sm=\"center\" width=\"1\/2\"][vc_single_image image=\"23825\"][\/vc_column][vc_column align=\"center\" align_sm=\"center\" width=\"1\/2\"][vc_column_text extra_classes=\"lead text-justify\"]On an area of 64m2, you will find on display doors and windows, as well as the most advanced technology and a green corner to welcome customers. <strong>We are waiting for you at YED!<\/strong>[\/vc_column_text][\/vc_column][\/vc_row]","_en_post_name":"yed2024","_en_post_excerpt":"From 11 to 13 April Fapim is at YED, at Vicenza Fiere!","_en_post_title":"Yed2024","_fr_post_content":"[vc_row][vc_column width=\"1\/1\"][vc_column_text extra_classes=\"lead text-justify\"]<strong>Du 11 au 13 avril Fapim est au YED, au Salon de Vicenza !<\/strong>[\/vc_column_text][\/vc_column][\/vc_row][vc_row][vc_column width=\"1\/1\"][vc_single_image image=\"23820\"][\/vc_column][\/vc_row][vc_row][vc_column width=\"1\/1\"][vc_column_text extra_classes=\"lead text-justify\"]Fapim participe \u00e0 l'\u00e9v\u00e9nement Colfert depuis la premi\u00e8re \u00e9dition, qui est devenu aujourd'hui YED, qui est aujourd'hui certainement un \u00e9v\u00e9nement incontournable du march\u00e9 du centre et du nord Italie. <strong>Dans cette \u00e9dition, Fapim se pr\u00e9sente avec un stand r\u00e9cemment r\u00e9nov\u00e9, tr\u00e8s accueillant et plein de nouveaut\u00e9s \u00e0 pr\u00e9senter aux visiteurs.<\/strong>[\/vc_column_text][\/vc_column][\/vc_row][vc_row][vc_column width=\"1\/3\"][vc_single_image image=\"23821\"][\/vc_column][vc_column width=\"1\/3\"][vc_single_image image=\"23822\"][\/vc_column][vc_column width=\"1\/3\"][vc_single_image image=\"23823\"][\/vc_column][\/vc_row][vc_row][vc_column width=\"1\/1\"][vc_column_text extra_classes=\"lead text-justify\"]<strong>Ce sera notamment l'occasion de d\u00e9couvrir en vrai la derni\u00e8re version de la paumelle invisible Magicube 130 qui vient d'entrer dans le tarif, et la nouvelle poin\u00e7onneuse FP21 pour tiges polyamide qui sera en fonction sur le stand et bien plus encore !<\/strong>[\/vc_column_text][\/vc_column][\/vc_row][vc_row][vc_column align=\"center\" align_sm=\"center\" width=\"1\/2\"][vc_single_image image=\"23825\"][\/vc_column][vc_column align=\"center\" align_sm=\"center\" width=\"1\/2\"][vc_column_text extra_classes=\"lead text-justify\"]Sur une superficie de 64m2, des portes et fen\u00eatres sont expos\u00e9es, ainsi que la technologie la plus avanc\u00e9e et un coin vert pour accueillir les clients. <strong>Nous vous attendons nombreux \u00e0 YED !<\/strong>[\/vc_column_text][\/vc_column][\/vc_row]","_fr_post_name":"yed2024","_fr_post_excerpt":"Du 11 au 13 avril Fapim est au YED, au Salon de Vicenza !","_fr_post_title":"Yed2024","_es_post_content":"[vc_row][vc_column width=\"1\/1\"][vc_column_text extra_classes=\"lead text-justify\"]<strong>\u00a1Del 11 al 13 de abril Fapim est\u00e1 en YED, en Vicenza Fiere!<\/strong>[\/vc_column_text][\/vc_column][\/vc_row][vc_row][vc_column width=\"1\/1\"][vc_single_image image=\"23820\"][\/vc_column][\/vc_row][vc_row][vc_column width=\"1\/1\"][vc_column_text extra_classes=\"lead text-justify\"]En el evento Colfert al que Fapim participa \u00a0desde la primera edici\u00f3n, crecido durante los a\u00f1os hasta convertirse en YED\u00a0 y ser una cita inmancable para el mercado del\u00a0 aluminio de l Nord y centro de Italia, <strong>Fapim se presenta con un stand renovado, muy acogedor y lleno de novedades para presentar a los visitantes.<\/strong>[\/vc_column_text][\/vc_column][\/vc_row][vc_row][vc_column width=\"1\/3\"][vc_single_image image=\"23821\"][\/vc_column][vc_column width=\"1\/3\"][vc_single_image image=\"23822\"][\/vc_column][vc_column width=\"1\/3\"][vc_single_image image=\"23823\"][\/vc_column][\/vc_row][vc_row][vc_column width=\"1\/1\"][vc_column_text extra_classes=\"lead text-justify\"]<strong>En particular, ser\u00e1 una oportunidad para descubrir realmente la \u00faltima versi\u00f3n de la bisagra oculta Magicube 130, que acaba de entrar en producci\u00f3n , y la nueva \u00a0maquina punzonadora para varillas de poliamida FP21 que se podr\u00e1 ver\u00a0 trabajando en el stand, y aun mucho mas!<\/strong>[\/vc_column_text][\/vc_column][\/vc_row][vc_row][vc_column align=\"center\" align_sm=\"center\" width=\"1\/2\"][vc_single_image image=\"23825\"][\/vc_column][vc_column align=\"center\" align_sm=\"center\" width=\"1\/2\"][vc_column_text extra_classes=\"lead text-justify\"]En una superficie de 64m2 se exponen puertas y ventanas, adem\u00e1s fr un rinc\u00f3n verde para atender r a los clientes. <strong>\u00a1Te esperamos en YED!<\/strong>[\/vc_column_text][\/vc_column][\/vc_row]","_es_post_name":"yed2024","_es_post_excerpt":"\u00a1Del 11 al 13 de abril Fapim est\u00e1 en YED, en Vicenza Fiere!","_es_post_title":"Yed2024","_ru_post_content":"[vc_row][vc_column width=\"1\/1\"][vc_column_text extra_classes=\"lead text-justify\"]<strong>\u0421 11 \u043f\u043e 13 \u0430\u043f\u0440\u0435\u043b\u044f Fapim \u043f\u0440\u0438\u043c\u0435\u0442 \u0443\u0447\u0430\u0441\u0442\u0438\u0435 \u043d\u0430 \u0432\u044b\u0441\u0442\u0430\u0432\u043a\u0435 YED \u0432 \u0433\u043e\u0440\u043e\u0434\u0435 \u0412\u0438\u0447\u0435\u043d\u0446\u0430!<\/strong>[\/vc_column_text][\/vc_column][\/vc_row][vc_row][vc_column width=\"1\/1\"][vc_single_image image=\"23820\"][\/vc_column][\/vc_row][vc_row][vc_column width=\"1\/1\"][vc_column_text extra_classes=\"lead text-justify\"]\u041c\u0435\u0440\u043e\u043f\u0440\u0438\u044f\u0442\u0438\u0435, \u043e\u0440\u0433\u0430\u043d\u0438\u0437\u043e\u0432\u0430\u043d\u043d\u043e\u0435 Colfert, \u043d\u0430 \u043a\u043e\u0442\u043e\u0440\u043e\u043c Fapim \u043f\u0440\u0438\u0441\u0443\u0442\u0441\u0442\u0432\u0443\u0435\u0442 \u0441 \u0441\u0430\u043c\u043e\u0433\u043e \u043f\u0435\u0440\u0432\u043e\u0433\u043e \u0432\u044b\u043f\u0443\u0441\u043a\u0430, \u0441\u0442\u0430\u043b\u043e \u0432\u0430\u0436\u043d\u044b\u043c \u0432\u043f\u043b\u043e\u0442\u044c \u0434\u043e \u043f\u0440\u0438\u0441\u0432\u043e\u0435\u043d\u0438\u044f \u0435\u043c\u0443 \u0438\u043c\u0435\u043d\u0438 YED. \u0421\u0435\u0433\u043e\u0434\u043d\u044f \u043e\u043d\u043e \u0441\u0442\u0430\u043b\u043e \u043e\u0434\u043d\u0438\u043c \u0438\u0437 \u0441\u0430\u043c\u044b\u0445 \u0437\u043d\u0430\u0447\u0438\u043c\u044b\u0445 \u0441\u043e\u0431\u044b\u0442\u0438\u0439 \u0434\u043b\u044f \u0434\u0430\u043d\u043d\u043e\u0439 \u043e\u0442\u0440\u0430\u0441\u043b\u0438 \u0432 \u0446\u0435\u043d\u0442\u0440\u0430\u043b\u044c\u043d\u043e\u0439 \u0438 \u0441\u0435\u0432\u0435\u0440\u043d\u043e\u0439 \u0418\u0442\u0430\u043b\u0438\u0438. <strong>\u0412 \u044d\u0442\u043e\u043c \u0433\u043e\u0434\u0443 Fapim \u0431\u0443\u0434\u0435\u0442 \u043f\u0440\u0438\u0441\u0443\u0442\u0441\u0442\u0432\u043e\u0432\u0430\u0442\u044c \u043d\u0430 \u043d\u043e\u0432\u043e\u043c \u0443\u044e\u0442\u043d\u043e\u043c \u0441\u0442\u0435\u043d\u0434\u0435, \u0433\u0434\u0435 \u043e\u0436\u0438\u0434\u0430\u0435\u0442\u0441\u044f \u043c\u043d\u043e\u0433\u043e \u043d\u043e\u0432\u0438\u043d\u043e\u043a \u0434\u043b\u044f \u043f\u043e\u0441\u0435\u0442\u0438\u0442\u0435\u043b\u0435\u0439.<\/strong>[\/vc_column_text][\/vc_column][\/vc_row][vc_row][vc_column width=\"1\/3\"][vc_single_image image=\"23821\"][\/vc_column][vc_column width=\"1\/3\"][vc_single_image image=\"23822\"][\/vc_column][vc_column width=\"1\/3\"][vc_single_image image=\"23823\"][\/vc_column][\/vc_row][vc_row][vc_column width=\"1\/1\"][vc_column_text extra_classes=\"lead text-justify\"]<strong>\u042d\u0442\u043e \u043e\u0442\u043b\u0438\u0447\u043d\u044b\u0439 \u0441\u043b\u0443\u0447\u0430\u0439 \u0434\u043b\u044f \u0442\u043e\u0433\u043e, \u0447\u0442\u043e\u0431\u044b \u043e\u0437\u043d\u0430\u043a\u043e\u043c\u0438\u0442\u044c\u0441\u044f \u0441 \u043f\u043e\u0441\u043b\u0435\u0434\u043d\u0435\u0439 \u0432\u0435\u0440\u0441\u0438\u0435\u0439 \u0441\u043a\u0440\u044b\u0442\u044b\u0445 \u043f\u0435\u0442\u0435\u043b\u044c Magicube 130, \u043a\u043e\u0442\u043e\u0440\u044b\u0435 \u0441\u043e\u0432\u0441\u0435\u043c \u043d\u0435\u0434\u0430\u0432\u043d\u043e \u0432\u043e\u0448\u043b\u0438 \u0432 \u043f\u0440\u043e\u0434\u0430\u0436\u0443. \u0422\u0430\u043a\u0436\u0435 \u043c\u043e\u0436\u043d\u043e \u0431\u0443\u0434\u0435\u0442 \u0443\u0432\u0438\u0434\u0435\u0442\u044c \u0432 \u0434\u0435\u0439\u0441\u0442\u0432\u0438\u0438 \u043d\u043e\u0432\u044b\u0439 \u043f\u0440\u043e\u0431\u0438\u0432\u043d\u043e\u0439 \u0441\u0442\u0430\u043d\u043e\u043a FP21 \u0434\u043b\u044f \u043f\u043e\u043b\u0438\u0430\u043c\u0438\u0434\u043d\u043e\u0439 \u0442\u044f\u0433\u0438, \u0438 \u043c\u043d\u043e\u0433\u043e\u0435 \u0434\u0440\u0443\u0433\u043e\u0435!<\/strong>[\/vc_column_text][\/vc_column][\/vc_row][vc_row][vc_column align=\"center\" align_sm=\"center\" width=\"1\/2\"][vc_single_image image=\"23825\"][\/vc_column][vc_column align=\"center\" align_sm=\"center\" width=\"1\/2\"][vc_column_text extra_classes=\"lead text-justify\"]\u041d\u0430 \u0441\u0442\u0435\u043d\u0434\u0435 \u043f\u043b\u043e\u0449\u0430\u0434\u044c\u044e 64 \u043a\u0432.\u043c. \u0431\u0443\u0434\u0443\u0442 \u043f\u0440\u0435\u0434\u0441\u0442\u0430\u0432\u043b\u0435\u043d\u044b \u0434\u0432\u0435\u0440\u0438, \u043e\u043a\u043d\u0430 \u0438 \u0441\u043e\u0432\u0440\u0435\u043c\u0435\u043d\u043d\u044b\u0435 \u0442\u0435\u0445\u043d\u043e\u043b\u043e\u0433\u0438\u0438. \u0412 \u044d\u0442\u043e\u043c \u0433\u043e\u0434\u0443 \u0443 \u043d\u0430\u0441 \u0442\u0430\u043a\u0436\u0435 \u0435\u0441\u0442\u044c \u0437\u0435\u043b\u0435\u043d\u044b\u0439 \u0443\u0433\u043e\u043b\u043e\u043a \u0434\u043b\u044f \u043f\u0440\u0438\u0435\u043c\u0430 \u0433\u043e\u0441\u0442\u0435\u0439. <strong>\u0414\u043e \u0432\u0441\u0442\u0440\u0435\u0447\u0438 \u043d\u0430 YED!<\/strong>[\/vc_column_text][\/vc_column][\/vc_row]","_ru_post_name":"yed2024","_ru_post_excerpt":"\u0421 11 \u043f\u043e 13 \u0430\u043f\u0440\u0435\u043b\u044f Fapim \u043f\u0440\u0438\u043c\u0435\u0442 \u0443\u0447\u0430\u0441\u0442\u0438\u0435 \u043d\u0430 \u0432\u044b\u0441\u0442\u0430\u0432\u043a\u0435 YED \u0432 \u0433\u043e\u0440\u043e\u0434\u0435 \u0412\u0438\u0447\u0435\u043d\u0446\u0430!","_ru_post_title":"Yed2024","_pl_post_content":"[vc_row][vc_column width=\"1\/1\"][vc_column_text extra_classes=\"lead text-justify\"]<strong>W dniach od 11 do 13 kwietnia firma Fapim b\u0119dzie obecna na targach YED, organizowanych w centrum wystawowym Fiera di Vicenza!<\/strong>[\/vc_column_text][\/vc_column][\/vc_row][vc_row][vc_column width=\"1\/1\"][vc_single_image image=\"23820\"][\/vc_column][\/vc_row][vc_row][vc_column width=\"1\/1\"][vc_column_text extra_classes=\"lead text-justify\"]Impreza organizowana przez Colfert, w kt\u00f3rej Fapim bierze udzia\u0142 od pierwszej edycji, od niedawna funkcjonuj\u0105ca pod now\u0105 nazw\u0105 YED, <strong>to z pewno\u015bci\u0105 jedno z najwa\u017cniejszych wydarze\u0144 bran\u017cowych na rynku p\u00f3\u0142nocno-\u015brodkowych W\u0142och. Podczas tegorocznej edycji Fapim zaprezentuje odnowione stoisko, przyjazne i pe\u0142ne nowych produkt\u00f3w.<\/strong>[\/vc_column_text][\/vc_column][\/vc_row][vc_row][vc_column width=\"1\/3\"][vc_single_image image=\"23821\"][\/vc_column][vc_column width=\"1\/3\"][vc_single_image image=\"23822\"][\/vc_column][vc_column width=\"1\/3\"][vc_single_image image=\"23823\"][\/vc_column][\/vc_row][vc_row][vc_column width=\"1\/1\"][vc_column_text extra_classes=\"lead text-justify\"]<strong>W szczeg\u00f3lno\u015bci b\u0119dzie to okazja do przyjrzenia si\u0119 z bliska najnowszej wersji zawiasu ukrytego Magicube 130, kt\u00f3ry w\u0142a\u015bnie trafi\u0142 do sprzeda\u017cy, a tak\u017ce nowej prasce FP21 do obr\u00f3bki popychaczy poliamidowych, kt\u00f3rej dzia\u0142anie zostanie zaprezentowane na stoisku, na kt\u00f3rym na odwiedzaj\u0105cych czeka jeszcze wiele innych atrakcji<\/strong>![\/vc_column_text][\/vc_column][\/vc_row][vc_row][vc_column align=\"center\" align_sm=\"center\" width=\"1\/2\"][vc_single_image image=\"23825\"][\/vc_column][vc_column align=\"center\" align_sm=\"center\" width=\"1\/2\"][vc_column_text extra_classes=\"lead text-justify\"]Na powierzchni wystawowej 64 mkw. znajd\u0105 si\u0119 r\u00f3wnie\u017c drzwi i okna, a tak\u017ce najnowsze technologie i zielony k\u0105cik dla klient\u00f3w. <strong>Do zobaczenia na targach YED!<\/strong>[\/vc_column_text][\/vc_column][\/vc_row]","_pl_post_name":"yed2024","_pl_post_excerpt":"W dniach od 11 do 13 kwietnia firma Fapim b\u0119dzie obecna na targach YED, organizowanych w centrum wystawowym Fiera di Vicenza!","_pl_post_title":"Yed2024","edit_language":"es","footnotes":""},"categories":[57,40],"tags":[],"class_list":["post-23827","post","type-post","status-publish","format-standard","has-post-thumbnail","hentry","category-news-mobile","category-eventi-e-news"],"_links":{"self":[{"href":"https:\/\/www.fapim.it\/es\/wp-json\/wp\/v2\/posts\/23827","targetHints":{"allow":["GET"]}}],"collection":[{"href":"https:\/\/www.fapim.it\/es\/wp-json\/wp\/v2\/posts"}],"about":[{"href":"https:\/\/www.fapim.it\/es\/wp-json\/wp\/v2\/types\/post"}],"author":[{"embeddable":true,"href":"https:\/\/www.fapim.it\/es\/wp-json\/wp\/v2\/users\/4"}],"replies":[{"embeddable":true,"href":"https:\/\/www.fapim.it\/es\/wp-json\/wp\/v2\/comments?post=23827"}],"version-history":[{"count":13,"href":"https:\/\/www.fapim.it\/es\/wp-json\/wp\/v2\/posts\/23827\/revisions"}],"predecessor-version":[{"id":23843,"href":"https:\/\/www.fapim.it\/es\/wp-json\/wp\/v2\/posts\/23827\/revisions\/23843"}],"wp:featuredmedia":[{"embeddable":true,"href":"https:\/\/www.fapim.it\/es\/wp-json\/wp\/v2\/media\/23832"}],"wp:attachment":[{"href":"https:\/\/www.fapim.it\/es\/wp-json\/wp\/v2\/media?parent=23827"}],"wp:term":[{"taxonomy":"category","embeddable":true,"href":"https:\/\/www.fapim.it\/es\/wp-json\/wp\/v2\/categories?post=23827"},{"taxonomy":"post_tag","embeddable":true,"href":"https:\/\/www.fapim.it\/es\/wp-json\/wp\/v2\/tags?post=23827"}],"curies":[{"name":"wp","href":"https:\/\/api.w.org\/{rel}","templated":true}]}}