   {"id":16268,"date":"2016-06-26T17:11:51","date_gmt":"2016-06-26T15:11:51","guid":{"rendered":"http:\/\/testsito.fapim.it\/site\/?p=16268"},"modified":"2021-10-14T09:16:24","modified_gmt":"2021-10-14T07:16:24","slug":"fapim-in-un-pannello","status":"publish","type":"post","link":"https:\/\/www.fapim.it\/it\/comunicato-stampa\/fapim-in-un-pannello\/","title":{"rendered":"FAPIM IN UN PANNELLO"},"content":{"rendered":"<p><strong>Una nuova installazione nella sede centrale celebra oltre 40 anni di creativit\u00e0 industriale made in Italy<\/strong><\/p>\n<p>La sede principale di Fapim si arricchisce da oggi di un\u2019opera che ne illustra la creativita\u2019 negli anni.<\/p>\n<p>Ideata dall\u2019ufficio design e realizzata in collaborazione con altri uffici e le officine Fapim, la nuova installazione \u00e8 costituita da centinaia di prodotti su cui campeggia il logo Fapim in rosso ottenuto con l\u2019utilizzo di pezzi appositamente verniciati.<\/p>\n<p>In particolare, su una pannellatura di multistrato ricoperta da uno strato di truciolato di alluminio i prodotti sono stati appoggiati fino a ricoprire completamente la superficie e quindi fissati con una colatura di resina bicomponente in un gruppo unico.<\/p>\n<p>Il risultato, oltre ad essere scenografico, \u00e8 di notevoli dimensioni: l\u2019opera misura sei metri di larghezza per 1,70 metri di lunghezza con un peso di circa otto quintali.<\/p>\n<p>L\u2019installazione \u00e8 collocata all\u2019ingresso principale della sede di via delle Cerbaie, di fronte al gruppo bronzeo \u201cLa famiglia\u201d commissionato nel 2006 allo scultore Guglielmo Malato per celebrare i valori aziendali.<\/p>\n","protected":false},"excerpt":{"rendered":"<p><span class=\"excerpt\">Ideata dall\u2019ufficio design e realizzata in collaborazione con altri uffici e le officine Fapim, la nuova installazione \u00e8 costituita da centinaia di prodotti su cui campeggia il logo Fapim in rosso ottenuto con l\u2019utilizzo di pezzi appositamente verniciati.<\/span><\/p>\n","protected":false},"author":3,"featured_media":16269,"comment_status":"open","ping_status":"open","sticky":false,"template":"","format":"standard","meta":{"_it_post_content":"<strong>Una nuova installazione nella sede centrale celebra oltre 40 anni di creativit\u00e0 industriale made in Italy<\/strong>\r\n\r\nLa sede principale di Fapim si arricchisce da oggi di un\u2019opera che ne illustra la creativita\u2019 negli anni.\r\n\r\nIdeata dall\u2019ufficio design e realizzata in collaborazione con altri uffici e le officine Fapim, la nuova installazione \u00e8 costituita da centinaia di prodotti su cui campeggia il logo Fapim in rosso ottenuto con l\u2019utilizzo di pezzi appositamente verniciati.\r\n\r\nIn particolare, su una pannellatura di multistrato ricoperta da uno strato di truciolato di alluminio i prodotti sono stati appoggiati fino a ricoprire completamente la superficie e quindi fissati con una colatura di resina bicomponente in un gruppo unico.\r\n\r\nIl risultato, oltre ad essere scenografico, \u00e8 di notevoli dimensioni: l\u2019opera misura sei metri di larghezza per 1,70 metri di lunghezza con un peso di circa otto quintali.\r\n\r\nL\u2019installazione \u00e8 collocata all\u2019ingresso principale della sede di via delle Cerbaie, di fronte al gruppo bronzeo \u201cLa famiglia\u201d commissionato nel 2006 allo scultore Guglielmo Malato per celebrare i valori aziendali.","_it_post_name":"fapim-in-un-pannello","_it_post_excerpt":"Ideata dall\u2019ufficio design e realizzata in collaborazione con altri uffici e le officine Fapim, la nuova installazione \u00e8 costituita da centinaia di prodotti su cui campeggia il logo Fapim in rosso ottenuto con l\u2019utilizzo di pezzi appositamente verniciati.","_it_post_title":"FAPIM IN UN PANNELLO","_en_post_content":"","_en_post_name":"","_en_post_excerpt":"","_en_post_title":"","_fr_post_content":"","_fr_post_name":"","_fr_post_excerpt":"","_fr_post_title":"","_es_post_content":"","_es_post_name":"","_es_post_excerpt":"","_es_post_title":"","_ru_post_content":"","_ru_post_name":"","_ru_post_excerpt":"","_ru_post_title":"","_pl_post_content":"<strong>Nowa instalacja w siedzibie g\u0142\u00f3wnej jest elementem \u015bwi\u0119towania 40 lat kreatywno\u015bci przemys\u0142owej Made in Italy<\/strong>\r\n\r\nSiedziba g\u0142\u00f3wna Fapim wzbogaci\u0142a si\u0119 dzi\u015b w dzie\u0142o, kt\u00f3re przedstawia ewolucj\u0119 jej kreatywno\u015bci wraz z biegiem lat.\r\n\r\nNowa instalacja zaprojektowana przez dzia\u0142 designu i wykonana we wsp\u00f3\u0142pracy z innymi biurami i zak\u0142adami Fapim, sk\u0142ada si\u0119 z setek produkt\u00f3w tworz\u0105cych logo Fapim wykonane z polakierowanych na czerwono element\u00f3w.\r\n\r\nNa wielowarstwowym panelu pokrytym warstw\u0105 aluminiowych opi\u0142k\u00f3w u\u0142o\u017cono produkty, kt\u00f3re w pe\u0142ni zakry\u0142y powierzchni\u0119, a nast\u0119pnie zosta\u0142y po\u0142\u0105czone za pomoc\u0105 dwusk\u0142adnikowego kleju na bazie \u017cywicy w jeden obiekt.\r\n\r\nWynik, poza spektakularnym walorem estetycznym, jest znacz\u0105cych rozmiar\u00f3w: dzie\u0142o liczy sobie sze\u015b\u0107 metr\u00f3w szeroko\u015bci, 1,70 metra d\u0142ugo\u015bci i wa\u017cy oko\u0142o o\u015bmiu kwintali.\r\n\r\nInstalacja znajduje si\u0119 przy g\u0142\u00f3wnym wej\u015bciu do siedziby przy via delle Cerbaie, na przeciw wykonanej z br\u0105zu figury \u201eRodzina\u201d zam\u00f3wionej w 2006 u rze\u017abiarza Guglielmo Malato, aby uczci\u0107 warto\u015bci firmowe.","_pl_post_name":"fapim-na-panelu","_pl_post_excerpt":"Nowa instalacja zaprojektowana przez dzia\u0142 designu i wykonana we wsp\u00f3\u0142pracy z innymi biurami i zak\u0142adami Fapim, sk\u0142ada si\u0119 z setek produkt\u00f3w tworz\u0105cych logo Fapim wykonane z polakierowanych na czerwono element\u00f3w.","_pl_post_title":"FAPIM NA PANELU","edit_language":"it","footnotes":""},"categories":[27],"tags":[],"class_list":["post-16268","post","type-post","status-publish","format-standard","has-post-thumbnail","hentry","category-comunicato-stampa"],"_links":{"self":[{"href":"https:\/\/www.fapim.it\/it\/wp-json\/wp\/v2\/posts\/16268","targetHints":{"allow":["GET"]}}],"collection":[{"href":"https:\/\/www.fapim.it\/it\/wp-json\/wp\/v2\/posts"}],"about":[{"href":"https:\/\/www.fapim.it\/it\/wp-json\/wp\/v2\/types\/post"}],"author":[{"embeddable":true,"href":"https:\/\/www.fapim.it\/it\/wp-json\/wp\/v2\/users\/3"}],"replies":[{"embeddable":true,"href":"https:\/\/www.fapim.it\/it\/wp-json\/wp\/v2\/comments?post=16268"}],"version-history":[{"count":1,"href":"https:\/\/www.fapim.it\/it\/wp-json\/wp\/v2\/posts\/16268\/revisions"}],"predecessor-version":[{"id":21372,"href":"https:\/\/www.fapim.it\/it\/wp-json\/wp\/v2\/posts\/16268\/revisions\/21372"}],"wp:featuredmedia":[{"embeddable":true,"href":"https:\/\/www.fapim.it\/it\/wp-json\/wp\/v2\/media\/16269"}],"wp:attachment":[{"href":"https:\/\/www.fapim.it\/it\/wp-json\/wp\/v2\/media?parent=16268"}],"wp:term":[{"taxonomy":"category","embeddable":true,"href":"https:\/\/www.fapim.it\/it\/wp-json\/wp\/v2\/categories?post=16268"},{"taxonomy":"post_tag","embeddable":true,"href":"https:\/\/www.fapim.it\/it\/wp-json\/wp\/v2\/tags?post=16268"}],"curies":[{"name":"wp","href":"https:\/\/api.w.org\/{rel}","templated":true}]}}