   {"id":23812,"date":"2024-03-25T10:27:45","date_gmt":"2024-03-25T09:27:45","guid":{"rendered":"https:\/\/www.fapim.it\/?p=23812"},"modified":"2024-04-10T08:36:41","modified_gmt":"2024-04-10T06:36:41","slug":"ecco-il-secondo-magazzino-automatico","status":"publish","type":"post","link":"https:\/\/www.fapim.it\/it\/eventi-e-news\/ecco-il-secondo-magazzino-automatico\/","title":{"rendered":"Ecco il secondo magazzino automatico"},"content":{"rendered":"<section class=\"section  text-normal section-text-no-shadow section-inner-no-shadow section-normal section-opaque\"  >\r\n    \r\n    <div class=\"background-overlay grid-overlay-0 \" style=\"background-color: rgba(0,0,0,0);\"><\/div>\r\n\r\n    <div class=\"container container-vertical-default\">\r\n        <div class=\"row vertical-default\">\r\n            <div class=\"col-md-12     text-default small-screen-default\"  ><div class=\"col-text-1 text-normal lead text-justify element-top-20 element-bottom-20\" data-os-animation=\"none\" data-os-animation-delay=\"0s\">\r\n    <p><strong>Ecco il secondo magazzino automatico, attivo da luglio 2023! <\/strong><\/p>\n<p><strong>Un intervento strategico con un investimento di 10 milioni di euro, che rende Fapim la prima azienda in Italia nell\u2019utilizzo di tecnologie all\u2019avanguardia in questo settore.<\/strong><\/p>\n<p><strong>Il nuovo magazzino, con una capienza di 11mila pancali, si affianca al magazzino automatico gi\u00e0 presente, triplicando la capacit\u00e0 di stoccaggio dell\u2019azienda.<\/strong><\/p>\n<\/div>\r\n<\/div>        <\/div>\r\n    <\/div>\r\n<\/section>\r\n<section class=\"section  text-normal section-text-no-shadow section-inner-no-shadow section-normal section-opaque\"  >\r\n    \r\n    <div class=\"background-overlay grid-overlay-0 \" style=\"background-color: rgba(0,0,0,0);\"><\/div>\r\n\r\n    <div class=\"container container-vertical-default\">\r\n        <div class=\"row vertical-default\">\r\n            <div class=\"col-md-12     text-default small-screen-default\"  ><div class=\" element-top-20 element-bottom-20\" data-os-animation=\"none\" data-os-animation-delay=\"0s\" ><iframe loading=\"lazy\" title=\"NEW FAPIM AUTOMATED WAREHOUSE\u00a0IN OPERATION\" width=\"1170\" height=\"658\" src=\"https:\/\/www.youtube.com\/embed\/v3SHhr_3orU?feature=oembed\" frameborder=\"0\" allow=\"accelerometer; autoplay; clipboard-write; encrypted-media; gyroscope; picture-in-picture; web-share\" allowfullscreen><\/iframe><\/div><\/div>        <\/div>\r\n    <\/div>\r\n<\/section>\n","protected":false},"excerpt":{"rendered":"<p><span class=\"excerpt\">Ecco il secondo magazzino automatico, attivo da luglio 2023!<\/span><\/p>\n","protected":false},"author":4,"featured_media":23811,"comment_status":"open","ping_status":"open","sticky":false,"template":"","format":"standard","meta":{"_it_post_content":"[vc_row][vc_column width=\"1\/1\"][vc_column_text extra_classes=\"lead text-justify\"]<strong>Ecco il secondo magazzino automatico, attivo da luglio 2023! <\/strong>\r\n\r\n<strong>Un intervento strategico con un investimento di 10 milioni di euro, che rende Fapim la prima azienda in Italia nell\u2019utilizzo di tecnologie all\u2019avanguardia in questo settore.<\/strong>\r\n\r\n<strong>Il nuovo magazzino, con una capienza di 11mila pancali, si affianca al magazzino automatico gi\u00e0 presente, triplicando la capacit\u00e0 di stoccaggio dell\u2019azienda.<\/strong>[\/vc_column_text][\/vc_column][\/vc_row][vc_row][vc_column width=\"1\/1\"][vc_video src=\"https:\/\/youtu.be\/v3SHhr_3orU?si=pq90_aSt6Q4K7iCu\"][\/vc_column][\/vc_row]","_it_post_name":"ecco-il-secondo-magazzino-automatico","_it_post_excerpt":"Ecco il secondo magazzino automatico, attivo da luglio 2023!","_it_post_title":"Ecco il secondo magazzino automatico","_en_post_content":"[vc_row][vc_column width=\"1\/1\"][vc_column_text extra_classes=\"lead text-justify\"]<strong>Here is the second automatic warehouse, active from July 2023! <\/strong>\r\n\r\n<strong>A strategic intervention with an investment of 10 million euros, which makes Fapim the first company in Italy to use cutting-edge technologies in this sector.<\/strong>\r\n\r\n<strong>The new warehouse, with a capacity of 11 thousand pallets, joins the existing automatic warehouse, tripling the company's storage capacity.<\/strong>[\/vc_column_text][\/vc_column][\/vc_row][vc_row][vc_column width=\"1\/1\"][vc_video src=\"https:\/\/youtu.be\/v3SHhr_3orU?si=pq90_aSt6Q4K7iCu\"][\/vc_column][\/vc_row]","_en_post_name":"ecco-il-secondo-magazzino-automatico","_en_post_excerpt":"Here is the second automatic warehouse, active from July 2023!","_en_post_title":"Here is the second automatic warehouse","_fr_post_content":"[vc_row][vc_column width=\"1\/1\"][vc_column_text extra_classes=\"lead text-justify\"]<strong>Voici le deuxi\u00e8me entrep\u00f4t automatique, actif \u00e0 partir de juillet 2023 ! <\/strong>\r\n\r\n<strong>Une intervention strat\u00e9gique avec un investissement de 10 millions d'euros, qui fait de Fapim la premi\u00e8re entreprise en Italie \u00e0 utiliser des technologies de pointe dans ce secteur.<\/strong>\r\n\r\n<strong>Le nouvel entrep\u00f4t, d'une capacit\u00e9 de 11 mille palettes, rejoint l'entrep\u00f4t automatique existant, triplant ainsi la capacit\u00e9 de stockage de l'entreprise.<\/strong>[\/vc_column_text][\/vc_column][\/vc_row][vc_row][vc_column width=\"1\/1\"][vc_video src=\"https:\/\/youtu.be\/v3SHhr_3orU?si=pq90_aSt6Q4K7iCu\"][\/vc_column][\/vc_row]","_fr_post_name":"ecco-il-secondo-magazzino-automatico","_fr_post_excerpt":"Voici le deuxi\u00e8me entrep\u00f4t automatique, actif \u00e0 partir de juillet 2023 !","_fr_post_title":"Voici le deuxi\u00e8me entrep\u00f4t automatique","_es_post_content":"[vc_row][vc_column width=\"1\/1\"][vc_column_text extra_classes=\"lead text-justify\"]<strong>\u00a1Aqu\u00ed est\u00e1 el segundo almac\u00e9n autom\u00e1tico, activo a partir de julio de 2023! <\/strong>\r\n\r\n<strong>Una intervenci\u00f3n estrat\u00e9gica con una inversi\u00f3n de 10 millones de euros, que convierte a Fapim en la primera empresa en Italia en utilizar tecnolog\u00edas de vanguardia en este sector.<\/strong>\r\n\r\n<strong>El nuevo almac\u00e9n, con capacidad para 11 mil palets, se suma al almac\u00e9n autom\u00e1tico existente, triplicando la capacidad de almacenaje de la empresa.<\/strong>[\/vc_column_text][\/vc_column][\/vc_row][vc_row][vc_column width=\"1\/1\"][vc_video src=\"https:\/\/youtu.be\/v3SHhr_3orU?si=pq90_aSt6Q4K7iCu\"][\/vc_column][\/vc_row]","_es_post_name":"ecco-il-secondo-magazzino-automatico","_es_post_excerpt":"\u00a1Aqu\u00ed est\u00e1 el segundo almac\u00e9n autom\u00e1tico, activo a partir de julio de 2023!","_es_post_title":"\u00a1Aqu\u00ed est\u00e1 el segundo almac\u00e9n autom\u00e1tico","_ru_post_content":"[vc_row][vc_column width=\"1\/1\"][vc_column_text extra_classes=\"lead text-justify\"]<strong>\u0412\u043e\u0442 \u0432\u0442\u043e\u0440\u043e\u0439 \u0430\u0432\u0442\u043e\u043c\u0430\u0442\u0438\u0447\u0435\u0441\u043a\u0438\u0439 \u0441\u043a\u043b\u0430\u0434, \u0440\u0430\u0431\u043e\u0442\u0430\u044e\u0449\u0438\u0439 \u0441 \u0438\u044e\u043b\u044f 2023 \u0433\u043e\u0434\u0430! <\/strong>\r\n\r\n<strong>\u0421\u0442\u0440\u0430\u0442\u0435\u0433\u0438\u0447\u0435\u0441\u043a\u043e\u0435 \u0432\u043c\u0435\u0448\u0430\u0442\u0435\u043b\u044c\u0441\u0442\u0432\u043e \u0441 \u0438\u043d\u0432\u0435\u0441\u0442\u0438\u0446\u0438\u044f\u043c\u0438 \u0432 10 \u043c\u0438\u043b\u043b\u0438\u043e\u043d\u043e\u0432 \u0435\u0432\u0440\u043e \u0434\u0435\u043b\u0430\u0435\u0442 Fapim \u043f\u0435\u0440\u0432\u043e\u0439 \u043a\u043e\u043c\u043f\u0430\u043d\u0438\u0435\u0439 \u0432 \u0418\u0442\u0430\u043b\u0438\u0438, \u043a\u043e\u0442\u043e\u0440\u0430\u044f \u0438\u0441\u043f\u043e\u043b\u044c\u0437\u0443\u0435\u0442 \u043f\u0435\u0440\u0435\u0434\u043e\u0432\u044b\u0435 \u0442\u0435\u0445\u043d\u043e\u043b\u043e\u0433\u0438\u0438 \u0432 \u044d\u0442\u043e\u043c \u0441\u0435\u043a\u0442\u043e\u0440\u0435.<\/strong>\r\n\r\n<strong>\u041d\u043e\u0432\u044b\u0439 \u0441\u043a\u043b\u0430\u0434 \u0432\u043c\u0435\u0441\u0442\u0438\u043c\u043e\u0441\u0442\u044c\u044e 11 \u0442\u044b\u0441\u044f\u0447 \u043f\u043e\u0434\u0434\u043e\u043d\u043e\u0432 \u043f\u0440\u0438\u0441\u043e\u0435\u0434\u0438\u043d\u044f\u0435\u0442\u0441\u044f \u043a \u0441\u0443\u0449\u0435\u0441\u0442\u0432\u0443\u044e\u0449\u0435\u043c\u0443 \u0430\u0432\u0442\u043e\u043c\u0430\u0442\u0438\u0447\u0435\u0441\u043a\u043e\u043c\u0443 \u0441\u043a\u043b\u0430\u0434\u0443, \u0447\u0442\u043e \u0443\u0442\u0440\u043e\u0438\u0442 \u0441\u043a\u043b\u0430\u0434\u0441\u043a\u0438\u0435 \u043c\u043e\u0449\u043d\u043e\u0441\u0442\u0438 \u043a\u043e\u043c\u043f\u0430\u043d\u0438\u0438.<\/strong>[\/vc_column_text][\/vc_column][\/vc_row][vc_row][vc_column width=\"1\/1\"][vc_video src=\"https:\/\/youtu.be\/v3SHhr_3orU?si=pq90_aSt6Q4K7iCu\"][\/vc_column][\/vc_row]","_ru_post_name":"ecco-il-secondo-magazzino-automatico","_ru_post_excerpt":"\u0412\u043e\u0442 \u0432\u0442\u043e\u0440\u043e\u0439 \u0430\u0432\u0442\u043e\u043c\u0430\u0442\u0438\u0447\u0435\u0441\u043a\u0438\u0439 \u0441\u043a\u043b\u0430\u0434, \u0440\u0430\u0431\u043e\u0442\u0430\u044e\u0449\u0438\u0439 \u0441 \u0438\u044e\u043b\u044f 2023 \u0433\u043e\u0434\u0430!","_ru_post_title":"\u0412\u043e\u0442 \u0432\u0442\u043e\u0440\u043e\u0439 \u0430\u0432\u0442\u043e\u043c\u0430\u0442\u0438\u0447\u0435\u0441\u043a\u0438\u0439 \u0441\u043a\u043b\u0430\u0434","_pl_post_content":"[vc_row][vc_column width=\"1\/1\"][vc_column_text extra_classes=\"lead text-justify\"]<strong>Przedstawiamy drugi magazyn automatyczny, funkcjonuj\u0105cy od lipca 2023 roku!<\/strong>\r\n\r\n<strong>To strategiczna inwestycja o warto\u015bci 10 milion\u00f3w euro, dzi\u0119ki kt\u00f3rej firma Fapim zdoby\u0142a sobie na rynku w\u0142oskim pozycj\u0119 niekwestionowanego lidera w swojej bran\u017cy pod wzgl\u0119dem wykorzystania najnowocze\u015bniejszych technologii.<\/strong>\r\n\r\n<strong>Nowy magazyn o pojemno\u015bci 11 tysi\u0119cy palet w po\u0142\u0105czeniu z ju\u017c istniej\u0105cym magazynem automatycznym, pozwoli\u0142y na trzykrotne zwi\u0119kszenie przestrzeni magazynowej przedsi\u0119biorstwa.<\/strong>[\/vc_column_text][\/vc_column][\/vc_row][vc_row][vc_column width=\"1\/1\"][vc_video src=\"https:\/\/youtu.be\/v3SHhr_3orU?si=pq90_aSt6Q4K7iCu\"][\/vc_column][\/vc_row]","_pl_post_name":"ecco-il-secondo-magazzino-automatico","_pl_post_excerpt":"Oto drugi magazyn automatyczny, czynny od lipca 2023!","_pl_post_title":"Oto drugi magazyn automatyczny","edit_language":"it","footnotes":""},"categories":[57,40],"tags":[],"class_list":["post-23812","post","type-post","status-publish","format-standard","has-post-thumbnail","hentry","category-news-mobile","category-eventi-e-news"],"_links":{"self":[{"href":"https:\/\/www.fapim.it\/it\/wp-json\/wp\/v2\/posts\/23812","targetHints":{"allow":["GET"]}}],"collection":[{"href":"https:\/\/www.fapim.it\/it\/wp-json\/wp\/v2\/posts"}],"about":[{"href":"https:\/\/www.fapim.it\/it\/wp-json\/wp\/v2\/types\/post"}],"author":[{"embeddable":true,"href":"https:\/\/www.fapim.it\/it\/wp-json\/wp\/v2\/users\/4"}],"replies":[{"embeddable":true,"href":"https:\/\/www.fapim.it\/it\/wp-json\/wp\/v2\/comments?post=23812"}],"version-history":[{"count":7,"href":"https:\/\/www.fapim.it\/it\/wp-json\/wp\/v2\/posts\/23812\/revisions"}],"predecessor-version":[{"id":23844,"href":"https:\/\/www.fapim.it\/it\/wp-json\/wp\/v2\/posts\/23812\/revisions\/23844"}],"wp:featuredmedia":[{"embeddable":true,"href":"https:\/\/www.fapim.it\/it\/wp-json\/wp\/v2\/media\/23811"}],"wp:attachment":[{"href":"https:\/\/www.fapim.it\/it\/wp-json\/wp\/v2\/media?parent=23812"}],"wp:term":[{"taxonomy":"category","embeddable":true,"href":"https:\/\/www.fapim.it\/it\/wp-json\/wp\/v2\/categories?post=23812"},{"taxonomy":"post_tag","embeddable":true,"href":"https:\/\/www.fapim.it\/it\/wp-json\/wp\/v2\/tags?post=23812"}],"curies":[{"name":"wp","href":"https:\/\/api.w.org\/{rel}","templated":true}]}}