   {"id":23922,"date":"2024-07-11T10:32:15","date_gmt":"2024-07-11T08:32:15","guid":{"rendered":"https:\/\/www.fapim.it\/it\/?p=23922"},"modified":"2024-07-22T10:44:04","modified_gmt":"2024-07-22T08:44:04","slug":"la-nazione-11-luglio-2024","status":"publish","type":"post","link":"https:\/\/www.fapim.it\/it\/rassegna-stampa\/la-nazione-11-luglio-2024\/","title":{"rendered":"La Nazione 11 Luglio 2024"},"content":{"rendered":"<section class=\"section  text-normal section-text-no-shadow section-inner-no-shadow section-normal section-opaque\"  >\r\n    \r\n    <div class=\"background-overlay grid-overlay-0 \" style=\"background-color: rgba(0,0,0,0);\"><\/div>\r\n\r\n    <div class=\"container container-vertical-default\">\r\n        <div class=\"row vertical-default\">\r\n            <div class=\"col-md-12     text-default small-screen-default\"  ><div class=\"col-text-1 text-normal  element-top-20 element-bottom-20\" data-os-animation=\"none\" data-os-animation-delay=\"0s\">\r\n    <p>L&#8217;azienda Fapim festeggia 50 anni<\/p>\n<p><a href=\"https:\/\/www.lanazione.it\/lucca\/cronaca\/lazienda-fapim-festeggia-50-anni-26deeab3\" target=\"_blank\" rel=\"noopener\">Leggi articolo<\/a><\/p>\n<\/div>\r\n<\/div>        <\/div>\r\n    <\/div>\r\n<\/section>\r\n\n","protected":false},"excerpt":{"rendered":"<p><span class=\"excerpt\">L\u2019azienda Fapim festeggia 50 anni<\/span><\/p>\n","protected":false},"author":4,"featured_media":23921,"comment_status":"open","ping_status":"open","sticky":false,"template":"","format":"standard","meta":{"_it_post_content":"[vc_row][vc_column][vc_column_text]L'azienda Fapim festeggia 50 anni\r\n\r\n<a href=\"https:\/\/www.lanazione.it\/lucca\/cronaca\/lazienda-fapim-festeggia-50-anni-26deeab3\" target=\"_blank\" rel=\"noopener\">Leggi articolo<\/a>[\/vc_column_text][\/vc_column][\/vc_row]","_it_post_name":"la-nazione-11-luglio-2024","_it_post_excerpt":"L\u2019azienda Fapim festeggia 50 anni","_it_post_title":"La Nazione 11 Luglio 2024","_en_post_content":"[vc_row][vc_column][vc_column_text]The Fapim company celebrates 50 years\r\n\r\n<a href=\"https:\/\/www.lanazione.it\/lucca\/cronaca\/lazienda-fapim-festeggia-50-anni-26deeab3\" target=\"_blank\" rel=\"noopener\">Read article<\/a>[\/vc_column_text][\/vc_column][\/vc_row]","_en_post_name":"la-nazione-11-luglio-2024","_en_post_excerpt":"The Fapim company celebrates 50 years","_en_post_title":"","_fr_post_content":"[vc_row][vc_column][vc_column_text]La soci\u00e9t\u00e9 Fapim f\u00eate ses 50 ans\r\n\r\n<a href=\"https:\/\/www.lanazione.it\/lucca\/cronaca\/lazienda-fapim-festeggia-50-anni-26deeab3\">Lire l'article<\/a>[\/vc_column_text][\/vc_column][\/vc_row]","_fr_post_name":"la-nazione-11-luglio-2024","_fr_post_excerpt":"La soci\u00e9t\u00e9 Fapim f\u00eate ses 50 ans","_fr_post_title":"","_es_post_content":"[vc_row][vc_column][vc_column_text]La empresa Fapim celebra 50 a\u00f1os\r\n\r\n<a href=\"https:\/\/www.lanazione.it\/lucca\/cronaca\/lazienda-fapim-festeggia-50-anni-26deeab3\">Lee el art\u00edculo<\/a>\r\n\r\n[\/vc_column_text][\/vc_column][\/vc_row]","_es_post_name":"la-nazione-11-luglio-2024","_es_post_excerpt":"La empresa Fapim celebra 50 a\u00f1os","_es_post_title":"","_ru_post_content":"[vc_row][vc_column][vc_column_text]\u041a\u043e\u043c\u043f\u0430\u043d\u0438\u044f \u0424\u0430\u043f\u0438\u043c \u043e\u0442\u043c\u0435\u0447\u0430\u0435\u0442 50-\u043b\u0435\u0442\u0438\u0435\r\n\r\n<a href=\"https:\/\/www.lanazione.it\/lucca\/cronaca\/lazienda-fapim-festeggia-50-anni-26deeab3\">\u0427\u0438\u0442\u0430\u0442\u044c \u0441\u0442\u0430\u0442\u044c\u044e<\/a>\r\n\r\n[\/vc_column_text][\/vc_column][\/vc_row]","_ru_post_name":"la-nazione-11-luglio-2024","_ru_post_excerpt":"\u041a\u043e\u043c\u043f\u0430\u043d\u0438\u044f \u0424\u0430\u043f\u0438\u043c \u043e\u0442\u043c\u0435\u0447\u0430\u0435\u0442 50-\u043b\u0435\u0442\u0438\u0435","_ru_post_title":"","_pl_post_content":"[vc_row][vc_column][vc_column_text]Firma Fapim obchodzi 50-lecie\r\n\r\n<a href=\"https:\/\/www.lanazione.it\/lucca\/cronaca\/lazienda-fapim-festeggia-50-anni-26deeab3\">Przeczytaj artyku\u0142<\/a>\r\n\r\n&nbsp;\r\n\r\n[\/vc_column_text][\/vc_column][\/vc_row]","_pl_post_name":"la-nazione-11-luglio-2024","_pl_post_excerpt":"Firma Fapim obchodzi 50-lecie","_pl_post_title":"","edit_language":"it","footnotes":""},"categories":[28],"tags":[],"class_list":["post-23922","post","type-post","status-publish","format-standard","has-post-thumbnail","hentry","category-rassegna-stampa"],"_links":{"self":[{"href":"https:\/\/www.fapim.it\/it\/wp-json\/wp\/v2\/posts\/23922","targetHints":{"allow":["GET"]}}],"collection":[{"href":"https:\/\/www.fapim.it\/it\/wp-json\/wp\/v2\/posts"}],"about":[{"href":"https:\/\/www.fapim.it\/it\/wp-json\/wp\/v2\/types\/post"}],"author":[{"embeddable":true,"href":"https:\/\/www.fapim.it\/it\/wp-json\/wp\/v2\/users\/4"}],"replies":[{"embeddable":true,"href":"https:\/\/www.fapim.it\/it\/wp-json\/wp\/v2\/comments?post=23922"}],"version-history":[{"count":5,"href":"https:\/\/www.fapim.it\/it\/wp-json\/wp\/v2\/posts\/23922\/revisions"}],"predecessor-version":[{"id":23927,"href":"https:\/\/www.fapim.it\/it\/wp-json\/wp\/v2\/posts\/23922\/revisions\/23927"}],"wp:featuredmedia":[{"embeddable":true,"href":"https:\/\/www.fapim.it\/it\/wp-json\/wp\/v2\/media\/23921"}],"wp:attachment":[{"href":"https:\/\/www.fapim.it\/it\/wp-json\/wp\/v2\/media?parent=23922"}],"wp:term":[{"taxonomy":"category","embeddable":true,"href":"https:\/\/www.fapim.it\/it\/wp-json\/wp\/v2\/categories?post=23922"},{"taxonomy":"post_tag","embeddable":true,"href":"https:\/\/www.fapim.it\/it\/wp-json\/wp\/v2\/tags?post=23922"}],"curies":[{"name":"wp","href":"https:\/\/api.w.org\/{rel}","templated":true}]}}