   {"id":25813,"date":"2025-04-08T10:33:24","date_gmt":"2025-04-08T08:33:24","guid":{"rendered":"https:\/\/www.fapim.it\/it\/?p=25813"},"modified":"2025-04-08T14:04:47","modified_gmt":"2025-04-08T12:04:47","slug":"finestra-aprile-2025","status":"publish","type":"post","link":"https:\/\/www.fapim.it\/it\/rassegna-stampa\/finestra-aprile-2025\/","title":{"rendered":"FINESTRA APRILE 2025"},"content":{"rendered":"<section class=\"section  text-normal section-text-no-shadow section-inner-no-shadow section-normal section-opaque\"  >\r\n    \r\n    <div class=\"background-overlay grid-overlay-0 \" style=\"background-color: rgba(0,0,0,0);\"><\/div>\r\n\r\n    <div class=\"container container-vertical-default\">\r\n        <div class=\"row vertical-default\">\r\n            <div class=\"col-md-12     text-default small-screen-default\"  ><div class=\"col-text-1 text-normal  element-top-20 element-bottom-20\" data-os-animation=\"none\" data-os-animation-delay=\"0s\">\r\n    <p class=\"entry-title\">Sul numero di aprile su Finestra le novit\u00e0 della nostra presenza alla fiera BAU di Monaco.<\/p>\n<p><a href=\"https:\/\/www.fapim.it\/wp-content\/uploads\/2025\/03\/PUBLI-FAPIM_art-def.pdf\">Leggi articolo<\/a><\/p>\n<\/div>\r\n<\/div>        <\/div>\r\n    <\/div>\r\n<\/section>\r\n\n","protected":false},"excerpt":{"rendered":"<p><span class=\"excerpt\">Sul numero di aprile su Finestra le novit\u00e0 della nostra presenza alla fiera BAU di Monaco.<\/span><\/p>\n","protected":false},"author":4,"featured_media":25804,"comment_status":"open","ping_status":"open","sticky":false,"template":"","format":"standard","meta":{"_it_post_content":"[vc_row][vc_column width=\"1\/1\"][vc_column_text]\r\n<p class=\"entry-title\">Sul numero di aprile su Finestra le novit\u00e0 della nostra presenza alla fiera BAU di Monaco.<\/p>\r\n<a href=\"https:\/\/www.fapim.it\/wp-content\/uploads\/2025\/03\/PUBLI-FAPIM_art-def.pdf\">Leggi articolo<\/a>[\/vc_column_text][\/vc_column][\/vc_row]","_it_post_name":"finestra-aprile-2025","_it_post_excerpt":"Sul numero di aprile su Finestra le novit\u00e0 della nostra presenza alla fiera BAU di Monaco.","_it_post_title":"FINESTRA APRILE 2025","_en_post_content":"[vc_row][vc_column width=\"1\/1\"][vc_column_text]In the April issue of Finestra, news about our presence at the BAU fair in Munich.\r\n\r\n<a href=\"https:\/\/www.fapim.it\/wp-content\/uploads\/2025\/03\/PUBLI-FAPIM_art-def.pdf\">Read article<\/a>[\/vc_column_text][\/vc_column][\/vc_row]","_en_post_name":"finestra-aprile-2025","_en_post_excerpt":"In the April issue of Finestra, news about our presence at the BAU fair in Munich.","_en_post_title":"FINESTRA APRILE 2025","_fr_post_content":"[vc_row][vc_column width=\"1\/1\"][vc_column_text]Dans le num\u00e9ro d'avril de Finestra, des nouvelles de notre pr\u00e9sence au salon BAU \u00e0 Munich.\r\n\r\n<a href=\"https:\/\/www.fapim.it\/wp-content\/uploads\/2025\/03\/PUBLI-FAPIM_art-def.pdf\">Lire l'article<\/a>[\/vc_column_text][\/vc_column][\/vc_row]","_fr_post_name":"finestra-aprile-2025","_fr_post_excerpt":"Dans le num\u00e9ro d'avril de Finestra, des nouvelles de notre pr\u00e9sence au salon BAU \u00e0 Munich.","_fr_post_title":"FINESTRA APRILE 2025","_es_post_content":"[vc_row][vc_column width=\"1\/1\"][vc_column_text]En el n\u00famero de abril de Finestra, noticias sobre nuestra presencia en la feria BAU en M\u00fanich.\r\n\r\n<a href=\"https:\/\/www.fapim.it\/wp-content\/uploads\/2025\/03\/PUBLI-FAPIM_art-def.pdf\">Leer art\u00edculo<\/a>[\/vc_column_text][\/vc_column][\/vc_row]","_es_post_name":"finestra-aprile-2025","_es_post_excerpt":"En el n\u00famero de abril de Finestra, noticias sobre nuestra presencia en la feria BAU en M\u00fanich.","_es_post_title":"FINESTRA APRILE 2025","_ru_post_content":"[vc_row][vc_column width=\"1\/1\"][vc_column_text]\u0412 \u0430\u043f\u0440\u0435\u043b\u044c\u0441\u043a\u043e\u043c \u043d\u043e\u043c\u0435\u0440\u0435 Finestra \u2014 \u043d\u043e\u0432\u043e\u0441\u0442\u044c \u043e \u043d\u0430\u0448\u0435\u043c \u0443\u0447\u0430\u0441\u0442\u0438\u0438 \u0432 \u0432\u044b\u0441\u0442\u0430\u0432\u043a\u0435 BAU \u0432 \u041c\u044e\u043d\u0445\u0435\u043d\u0435.\r\n\r\n<a href=\"https:\/\/www.fapim.it\/wp-content\/uploads\/2025\/03\/PUBLI-FAPIM_art-def.pdf\">\u0427\u0438\u0442\u0430\u0442\u044c \u0441\u0442\u0430\u0442\u044c\u044e<\/a>[\/vc_column_text][\/vc_column][\/vc_row]","_ru_post_name":"finestra-aprile-2025","_ru_post_excerpt":"\u0412 \u0430\u043f\u0440\u0435\u043b\u044c\u0441\u043a\u043e\u043c \u043d\u043e\u043c\u0435\u0440\u0435 Finestra \u2014 \u043d\u043e\u0432\u043e\u0441\u0442\u044c \u043e \u043d\u0430\u0448\u0435\u043c \u0443\u0447\u0430\u0441\u0442\u0438\u0438 \u0432 \u0432\u044b\u0441\u0442\u0430\u0432\u043a\u0435 BAU \u0432 \u041c\u044e\u043d\u0445\u0435\u043d\u0435.","_ru_post_title":"FINESTRA APRILE 2025","_pl_post_content":"[vc_row][vc_column width=\"1\/1\"][vc_column_text]W kwietniowym numerze Finestra znajdziecie informacj\u0119 o naszej obecno\u015bci na targach BAU w Monachium.\r\n\r\n<a href=\"https:\/\/www.fapim.it\/wp-content\/uploads\/2025\/03\/PUBLI-FAPIM_art-def.pdf\">Przeczytaj artyku\u0142<\/a>[\/vc_column_text][\/vc_column][\/vc_row]","_pl_post_name":"finestra-aprile-2025","_pl_post_excerpt":"W kwietniowym numerze Finestra znajdziecie informacj\u0119 o naszej obecno\u015bci na targach BAU w Monachium.","_pl_post_title":"FINESTRA APRILE 2025","edit_language":"it","footnotes":""},"categories":[28],"tags":[],"class_list":["post-25813","post","type-post","status-publish","format-standard","has-post-thumbnail","hentry","category-rassegna-stampa"],"_links":{"self":[{"href":"https:\/\/www.fapim.it\/it\/wp-json\/wp\/v2\/posts\/25813","targetHints":{"allow":["GET"]}}],"collection":[{"href":"https:\/\/www.fapim.it\/it\/wp-json\/wp\/v2\/posts"}],"about":[{"href":"https:\/\/www.fapim.it\/it\/wp-json\/wp\/v2\/types\/post"}],"author":[{"embeddable":true,"href":"https:\/\/www.fapim.it\/it\/wp-json\/wp\/v2\/users\/4"}],"replies":[{"embeddable":true,"href":"https:\/\/www.fapim.it\/it\/wp-json\/wp\/v2\/comments?post=25813"}],"version-history":[{"count":10,"href":"https:\/\/www.fapim.it\/it\/wp-json\/wp\/v2\/posts\/25813\/revisions"}],"predecessor-version":[{"id":25828,"href":"https:\/\/www.fapim.it\/it\/wp-json\/wp\/v2\/posts\/25813\/revisions\/25828"}],"wp:featuredmedia":[{"embeddable":true,"href":"https:\/\/www.fapim.it\/it\/wp-json\/wp\/v2\/media\/25804"}],"wp:attachment":[{"href":"https:\/\/www.fapim.it\/it\/wp-json\/wp\/v2\/media?parent=25813"}],"wp:term":[{"taxonomy":"category","embeddable":true,"href":"https:\/\/www.fapim.it\/it\/wp-json\/wp\/v2\/categories?post=25813"},{"taxonomy":"post_tag","embeddable":true,"href":"https:\/\/www.fapim.it\/it\/wp-json\/wp\/v2\/tags?post=25813"}],"curies":[{"name":"wp","href":"https:\/\/api.w.org\/{rel}","templated":true}]}}