   {"id":26505,"date":"2026-01-07T11:52:14","date_gmt":"2026-01-07T10:52:14","guid":{"rendered":"https:\/\/www.fapim.it\/it\/?p=26505"},"modified":"2026-01-07T16:21:23","modified_gmt":"2026-01-07T15:21:23","slug":"polyclose-2026","status":"publish","type":"post","link":"https:\/\/www.fapim.it\/it\/eventi-e-news\/polyclose-2026\/","title":{"rendered":"POLYCLOSE 2026"},"content":{"rendered":"<section class=\"section  text-normal section-text-no-shadow section-inner-no-shadow section-normal section-opaque\"  >\r\n    \r\n    <div class=\"background-overlay grid-overlay-0 \" style=\"background-color: rgba(0,0,0,0);\"><\/div>\r\n\r\n    <div class=\"container container-vertical-default\">\r\n        <div class=\"row vertical-default\">\r\n            <div class=\"col-md-12     text-default small-screen-default\"  ><div class=\"col-text-1 text-normal lead text-justify element-top-20 element-bottom-20\" data-os-animation=\"none\" data-os-animation-delay=\"0s\">\r\n    <p><strong>Fapim, life in evolution!<\/strong><\/p>\n<\/div>\r\n<\/div>        <\/div>\r\n    <\/div>\r\n<\/section>\r\n<section class=\"section  text-normal section-text-no-shadow section-inner-no-shadow section-normal section-opaque\"  >\r\n    \r\n    <div class=\"background-overlay grid-overlay-0 \" style=\"background-color: rgba(0,0,0,0);\"><\/div>\r\n\r\n    <div class=\"container container-vertical-default\">\r\n        <div class=\"row vertical-default\">\r\n            <div class=\"col-md-12     text-default small-screen-default\"  ><div class=\"col-text-1 text-normal lead text-justify element-top-20 element-bottom-20\" data-os-animation=\"none\" data-os-animation-delay=\"0s\">\r\n    <p>Saremo presenti al prossimo <strong>Polyclose<\/strong> ritornando in fiera dopo molti anni, richiamati dalla rilevanza che il mercato belga e olandese ha per Fapim. La nostra \u00e8 quindi una scelta strategica con l\u2019intenzione di incrementare la nostra presenza sul territorio e di consentire ai nostri partners di toccare con mano i nuovi prodotti che presenteremo qui in vista delle prossime uscite 2026.<\/p>\n<\/div>\r\n<\/div>        <\/div>\r\n    <\/div>\r\n<\/section>\r\n<section class=\"section  text-normal section-text-no-shadow section-inner-no-shadow section-normal section-opaque\"  >\r\n    \r\n    <div class=\"background-overlay grid-overlay-0 \" style=\"background-color: rgba(0,0,0,0);\"><\/div>\r\n\r\n    <div class=\"container container-vertical-default\">\r\n        <div class=\"row vertical-default\">\r\n            <div class=\"col-md-6     text-default small-screen-default\"  ><div class=\"figure element-top-20 element-bottom-20  \" data-os-animation=\"none\" data-os-animation-delay=\"0s\">\r\n            <a href=\"https:\/\/www.fapim.it\/wp-content\/uploads\/2025\/12\/04Polyclose2026.jpg\" class=\"figure-image magnific\" target=\"_self\">\r\n        <img loading=\"lazy\" decoding=\"async\" width=\"849\" height=\"567\" src=\"https:\/\/www.fapim.it\/wp-content\/uploads\/2025\/12\/04Polyclose2026.jpg\" class=\"attachment-full size-full\" alt=\"\" srcset=\"https:\/\/www.fapim.it\/wp-content\/uploads\/2025\/12\/04Polyclose2026.jpg 849w, https:\/\/www.fapim.it\/wp-content\/uploads\/2025\/12\/04Polyclose2026-300x200.jpg 300w, https:\/\/www.fapim.it\/wp-content\/uploads\/2025\/12\/04Polyclose2026-768x513.jpg 768w, https:\/\/www.fapim.it\/wp-content\/uploads\/2025\/12\/04Polyclose2026-600x400.jpg 600w\" sizes=\"auto, (max-width: 849px) 100vw, 849px\" \/>            <\/a>\r\n    <\/div>\r\n<\/div><div class=\"col-md-6     text-default small-screen-default\"  ><div class=\"figure element-top-20 element-bottom-20  \" data-os-animation=\"none\" data-os-animation-delay=\"0s\">\r\n            <a href=\"https:\/\/www.fapim.it\/wp-content\/uploads\/2025\/12\/03Polyclose2026.jpg\" class=\"figure-image magnific\" target=\"_self\">\r\n        <img loading=\"lazy\" decoding=\"async\" width=\"849\" height=\"567\" src=\"https:\/\/www.fapim.it\/wp-content\/uploads\/2025\/12\/03Polyclose2026.jpg\" class=\"attachment-full size-full\" alt=\"\" srcset=\"https:\/\/www.fapim.it\/wp-content\/uploads\/2025\/12\/03Polyclose2026.jpg 849w, https:\/\/www.fapim.it\/wp-content\/uploads\/2025\/12\/03Polyclose2026-300x200.jpg 300w, https:\/\/www.fapim.it\/wp-content\/uploads\/2025\/12\/03Polyclose2026-768x513.jpg 768w, https:\/\/www.fapim.it\/wp-content\/uploads\/2025\/12\/03Polyclose2026-600x400.jpg 600w\" sizes=\"auto, (max-width: 849px) 100vw, 849px\" \/>            <\/a>\r\n    <\/div>\r\n<\/div>        <\/div>\r\n    <\/div>\r\n<\/section>\r\n<section class=\"section  text-normal section-text-no-shadow section-inner-no-shadow section-normal section-opaque\"  >\r\n    \r\n    <div class=\"background-overlay grid-overlay-0 \" style=\"background-color: rgba(0,0,0,0);\"><\/div>\r\n\r\n    <div class=\"container container-vertical-default\">\r\n        <div class=\"row vertical-default\">\r\n            <div class=\"col-md-12     text-default small-screen-default\"  ><div class=\"col-text-1 text-normal lead text-justify element-top-20 element-bottom-20\" data-os-animation=\"none\" data-os-animation-delay=\"0s\">\r\n    <p>Tra le ultime novit\u00e0 saranno esposte le cerniere nascoste per porte OMBRA, presentate sia nella versione per profili porta tradizionali che per quelli a camera europea, la cerniera cilindrica ad alta portata MONACO nella nuova versione a fissaggio diretto e a completamento della linea OLIMPO le martelline e maniglie minimali NUX e TETI.<\/p>\n<\/div>\r\n<\/div>        <\/div>\r\n    <\/div>\r\n<\/section>\r\n<section class=\"section  text-normal section-text-no-shadow section-inner-no-shadow section-normal section-opaque\"  >\r\n    \r\n    <div class=\"background-overlay grid-overlay-0 \" style=\"background-color: rgba(0,0,0,0);\"><\/div>\r\n\r\n    <div class=\"container container-vertical-default\">\r\n        <div class=\"row vertical-default\">\r\n            <div class=\"col-md-6     text-default small-screen-default\"  ><div class=\"figure element-top-20 element-bottom-20  \" data-os-animation=\"none\" data-os-animation-delay=\"0s\">\r\n            <a href=\"https:\/\/www.fapim.it\/wp-content\/uploads\/2025\/12\/02Polyclose2026.jpg\" class=\"figure-image magnific\" target=\"_self\">\r\n        <img loading=\"lazy\" decoding=\"async\" width=\"849\" height=\"567\" src=\"https:\/\/www.fapim.it\/wp-content\/uploads\/2025\/12\/02Polyclose2026.jpg\" class=\"attachment-full size-full\" alt=\"\" srcset=\"https:\/\/www.fapim.it\/wp-content\/uploads\/2025\/12\/02Polyclose2026.jpg 849w, https:\/\/www.fapim.it\/wp-content\/uploads\/2025\/12\/02Polyclose2026-300x200.jpg 300w, https:\/\/www.fapim.it\/wp-content\/uploads\/2025\/12\/02Polyclose2026-768x513.jpg 768w, https:\/\/www.fapim.it\/wp-content\/uploads\/2025\/12\/02Polyclose2026-600x400.jpg 600w\" sizes=\"auto, (max-width: 849px) 100vw, 849px\" \/>            <\/a>\r\n    <\/div>\r\n<\/div><div class=\"col-md-6     text-default small-screen-default\"  ><div class=\"figure element-top-20 element-bottom-20  \" data-os-animation=\"none\" data-os-animation-delay=\"0s\">\r\n            <a href=\"https:\/\/www.fapim.it\/wp-content\/uploads\/2025\/12\/01Polyclose2026.jpg\" class=\"figure-image magnific\" target=\"_self\">\r\n        <img loading=\"lazy\" decoding=\"async\" width=\"849\" height=\"567\" src=\"https:\/\/www.fapim.it\/wp-content\/uploads\/2025\/12\/01Polyclose2026.jpg\" class=\"attachment-full size-full\" alt=\"\" srcset=\"https:\/\/www.fapim.it\/wp-content\/uploads\/2025\/12\/01Polyclose2026.jpg 849w, https:\/\/www.fapim.it\/wp-content\/uploads\/2025\/12\/01Polyclose2026-300x200.jpg 300w, https:\/\/www.fapim.it\/wp-content\/uploads\/2025\/12\/01Polyclose2026-768x513.jpg 768w, https:\/\/www.fapim.it\/wp-content\/uploads\/2025\/12\/01Polyclose2026-600x400.jpg 600w\" sizes=\"auto, (max-width: 849px) 100vw, 849px\" \/>            <\/a>\r\n    <\/div>\r\n<\/div>        <\/div>\r\n    <\/div>\r\n<\/section>\r\n<section class=\"section  text-normal section-text-no-shadow section-inner-no-shadow section-normal section-opaque\"  >\r\n    \r\n    <div class=\"background-overlay grid-overlay-0 \" style=\"background-color: rgba(0,0,0,0);\"><\/div>\r\n\r\n    <div class=\"container container-vertical-default\">\r\n        <div class=\"row vertical-default\">\r\n            <div class=\"col-md-12     text-default small-screen-default\"  ><div class=\"col-text-1 text-normal lead text-justify element-top-20 element-bottom-20\" data-os-animation=\"none\" data-os-animation-delay=\"0s\">\r\n    <p>Per il mondo scorrevole saranno esposte la linea di serrature multipunto FORMULA appena entrata in produzione e le nuovissime serrature per alzante scorrevole LUCE nella variante con i perni installati sul frontale presentate in anteprima al <strong>Polyclose<\/strong>.<\/p>\n<p>Vi aspettiamo allo stand <strong>1022<\/strong>!<\/p>\n<\/div>\r\n<\/div>        <\/div>\r\n    <\/div>\r\n<\/section>\n","protected":false},"excerpt":{"rendered":"<p><span class=\"excerpt\">Saremo presenti al prossimo Polyclose ritornando in fiera dopo molti anni, richiamati dalla rilevanza che il mercato Belga e Olandese<\/span><\/p>\n","protected":false},"author":4,"featured_media":26508,"comment_status":"open","ping_status":"open","sticky":false,"template":"","format":"standard","meta":{"_it_post_content":"[vc_row][vc_column width=\"1\/1\"][vc_column_text extra_classes=\"lead text-justify\"]<strong>Fapim, life in evolution!<\/strong>[\/vc_column_text][\/vc_column][\/vc_row][vc_row][vc_column width=\"1\/1\"][vc_column_text extra_classes=\"lead text-justify\"]Saremo presenti al prossimo <strong>Polyclose<\/strong> ritornando in fiera dopo molti anni, richiamati dalla rilevanza che il mercato belga e olandese ha per Fapim. La nostra \u00e8 quindi una scelta strategica con l\u2019intenzione di incrementare la nostra presenza sul territorio e di consentire ai nostri partners di toccare con mano i nuovi prodotti che presenteremo qui in vista delle prossime uscite 2026.[\/vc_column_text][\/vc_column][\/vc_row][vc_row][vc_column width=\"1\/2\"][vc_single_image image=\"26512\"][\/vc_column][vc_column width=\"1\/2\"][vc_single_image image=\"26511\"][\/vc_column][\/vc_row][vc_row][vc_column width=\"1\/1\"][vc_column_text extra_classes=\"lead text-justify\"]Tra le ultime novit\u00e0 saranno esposte le cerniere nascoste per porte OMBRA, presentate sia nella versione per profili porta tradizionali che per quelli a camera europea, la cerniera cilindrica ad alta portata MONACO nella nuova versione a fissaggio diretto e a completamento della linea OLIMPO le martelline e maniglie minimali NUX e TETI.[\/vc_column_text][\/vc_column][\/vc_row][vc_row][vc_column width=\"1\/2\"][vc_single_image image=\"26510\"][\/vc_column][vc_column width=\"1\/2\"][vc_single_image image=\"26509\"][\/vc_column][\/vc_row][vc_row][vc_column width=\"1\/1\"][vc_column_text extra_classes=\"lead text-justify\"]Per il mondo scorrevole saranno esposte la linea di serrature multipunto FORMULA appena entrata in produzione e le nuovissime serrature per alzante scorrevole LUCE nella variante con i perni installati sul frontale presentate in anteprima al <strong>Polyclose<\/strong>.\r\n\r\nVi aspettiamo allo stand <strong>1022<\/strong>![\/vc_column_text][\/vc_column][\/vc_row]","_it_post_name":"polyclose-2026","_it_post_excerpt":"Saremo presenti al prossimo Polyclose ritornando in fiera dopo molti anni, richiamati dalla rilevanza che il mercato Belga e Olandese","_it_post_title":"POLYCLOSE 2026","_en_post_content":"[vc_row][vc_column width=\"1\/1\"][vc_column_text extra_classes=\"lead text-justify\"]<strong>Fapim, life in evolution!<\/strong>[\/vc_column_text][\/vc_column][\/vc_row][vc_row][vc_column width=\"1\/1\"][vc_column_text extra_classes=\"lead text-justify\"]We will be present at the upcoming <strong>Polyclose<\/strong>, returning to the trade fair after many years, drawn by the importance that the Belgian and Dutch markets hold for Fapim. This is therefore a strategic choice, aimed at increasing our presence in the area and allowing our partners to experience firsthand the new products we will be showcasing here ahead of their upcoming 2026 releases.[\/vc_column_text][\/vc_column][\/vc_row][vc_row][vc_column width=\"1\/2\"][vc_single_image image=\"26512\"][\/vc_column][vc_column width=\"1\/2\"][vc_single_image image=\"26511\"][\/vc_column][\/vc_row][vc_row][vc_column width=\"1\/1\"][vc_column_text extra_classes=\"lead text-justify\"]<strong>Among the latest innovations, you will find the OMBRA concealed hinges for doors, available both in the version for traditional door profiles and in the version for C.E. profiles. Also for doors, the high-capacity MONACO cylindrical hinge will be on display in its new direct-fixing version, and completing the OLIMPO line, the minimalist NUX and TETI handles and window handles.<\/strong>[\/vc_column_text][\/vc_column][\/vc_row][vc_row][vc_column width=\"1\/2\"][vc_single_image image=\"26510\"][\/vc_column][vc_column width=\"1\/2\"][vc_single_image image=\"26509\"][\/vc_column][\/vc_row][vc_row][vc_column width=\"1\/1\"][vc_column_text extra_classes=\"lead text-justify\"]<strong>For the sliding systems sector, the FORMULA multipoint lock range\u2014just entered into production\u2014will be presented, along with the brand-new LUCE lift-and-slide locks with pins mounted on the front, showcased here at Polyclose as a preview.<\/strong>\r\n\r\n<strong>We look forward to seeing you at stand 1022!<\/strong>[\/vc_column_text][\/vc_column][\/vc_row]","_en_post_name":"polyclose-2026","_en_post_excerpt":"We will be present at the upcoming Polyclose, returning to the trade fair after many years, drawn by the importance that the Belgian and Dutch","_en_post_title":"POLYCLOSE 2026","_fr_post_content":"[vc_row][vc_column width=\"1\/1\"][vc_column_text extra_classes=\"lead text-justify\"]<strong>Fapim, life in evolution!<\/strong>[\/vc_column_text][\/vc_column][\/vc_row][vc_row][vc_column width=\"1\/1\"][vc_column_text extra_classes=\"lead text-justify\"]Nous serons pr\u00e9sents au prochain salon <strong>Polyclose<\/strong>, en revenant exposer apr\u00e8s de nombreuses ann\u00e9es, attir\u00e9s par l\u2019importance strat\u00e9gique que les march\u00e9s belge et n\u00e9erlandais repr\u00e9sentent pour Fapim. Il s\u2019agit donc d\u2019un choix strat\u00e9gique, avec l\u2019objectif de renforcer notre pr\u00e9sence sur le territoire et de permettre \u00e0 nos partenaires de d\u00e9couvrir concr\u00e8tement les nouveaux produits que nous pr\u00e9senterons ici en avant-premi\u00e8re des lancements pr\u00e9vus pour 2026.[\/vc_column_text][\/vc_column][\/vc_row][vc_row][vc_column width=\"1\/2\"][vc_single_image image=\"26512\"][\/vc_column][vc_column width=\"1\/2\"][vc_single_image image=\"26511\"][\/vc_column][\/vc_row][vc_row][vc_column width=\"1\/1\"][vc_column_text extra_classes=\"lead text-justify\"]<strong>Parmi les derni\u00e8res nouveaut\u00e9s expos\u00e9es, vous trouverez les charni\u00e8res invisibles pour portes OMBRA, propos\u00e9es aussi bien dans la version pour profils de porte traditionnels que pour profils \u00e0 chambre europ\u00e9enne. Toujours pour les portes, sera \u00e9galement pr\u00e9sent\u00e9e la charni\u00e8re cylindrique haute capacit\u00e9 MONACO dans sa nouvelle version \u00e0 fixation directe, ainsi que, pour compl\u00e9ter la ligne OLIMPO, les poign\u00e9es et b\u00e9quilles au design minimal NUX et TETI.<\/strong>[\/vc_column_text][\/vc_column][\/vc_row][vc_row][vc_column width=\"1\/2\"][vc_single_image image=\"26510\"][\/vc_column][vc_column width=\"1\/2\"][vc_single_image image=\"26509\"][\/vc_column][\/vc_row][vc_row][vc_column width=\"1\/1\"][vc_column_text extra_classes=\"lead text-justify\"]<strong>Pour l\u2019univers du coulissant, seront expos\u00e9es la gamme de serrures multipoints FORMULA, tout juste entr\u00e9e en production, ainsi que les toutes nouvelles serrures pour syst\u00e8mes levants-coulissants LUCE, dans la variante avec pions install\u00e9s sur la face frontale, pr\u00e9sent\u00e9es en avant-premi\u00e8re ici \u00e0 Polyclose.<\/strong>\r\n\r\n<strong>Nous vous attendons au stand 1022 !<\/strong>[\/vc_column_text][\/vc_column][\/vc_row]","_fr_post_name":"polyclose-2026","_fr_post_excerpt":"Nous serons pr\u00e9sents au prochain salon Polyclose, en revenant exposer apr\u00e8s de nombreuses ann\u00e9es, attir\u00e9s par l\u2019importance strat\u00e9gique que les march\u00e9s belge et n\u00e9erlandais","_fr_post_title":"POLYCLOSE 2026","_es_post_content":"[vc_row][vc_column width=\"1\/1\"][vc_column_text extra_classes=\"lead text-justify\"]<strong>Fapim, life in evolution!<\/strong>[\/vc_column_text][\/vc_column][\/vc_row][vc_row][vc_column width=\"1\/1\"][vc_column_text extra_classes=\"lead text-justify\"]Asistiremos a la pr\u00f3xima <strong>Polyclose<\/strong>, volviendo a la feria despu\u00e9s de muchos a\u00f1os, atra\u00eddos por la importancia de los mercados belga y neerland\u00e9s para Fapim. Por lo tanto, se trata de una decisi\u00f3n estrat\u00e9gica, con la intenci\u00f3n de aumentar nuestra presencia en la regi\u00f3n y permitir que nuestros socios experimenten de primera mano los nuevos productos que presentaremos aqu\u00ed antes de sus pr\u00f3ximos lanzamientos en 2026.[\/vc_column_text][\/vc_column][\/vc_row][vc_row][vc_column width=\"1\/2\"][vc_single_image image=\"26512\"][\/vc_column][vc_column width=\"1\/2\"][vc_single_image image=\"26511\"][\/vc_column][\/vc_row][vc_row][vc_column width=\"1\/1\"][vc_column_text extra_classes=\"lead text-justify\"]<strong>Entre las \u00faltimas novedades, encontrar\u00e1 las bisagras ocultas OMBRA, disponibles para perfiles de puerta tradicionales y de c\u00e1mara europea. Tambi\u00e9n se exhibir\u00e1 la bisagra cil\u00edndrica de alta resistencia MONACO en su nueva versi\u00f3n de fijaci\u00f3n directa, y la l\u00ednea OLIMPO se completar\u00e1 con las manillas minimalistas NUX y TETI.<\/strong>[\/vc_column_text][\/vc_column][\/vc_row][vc_row][vc_column width=\"1\/2\"][vc_single_image image=\"26510\"][\/vc_column][vc_column width=\"1\/2\"][vc_single_image image=\"26509\"][\/vc_column][\/vc_row][vc_row][vc_column width=\"1\/1\"][vc_column_text extra_classes=\"lead text-justify\"]<strong>Para el sector de las puertas correderas, presentaremos la l\u00ednea de cerraduras multipunto FORMULA, recientemente lanzada, y las nuevas cerraduras correderas elevables LUCE en su versi\u00f3n con pasadores frontales, presentadas en primicia aqu\u00ed en Polyclose.<\/strong>\r\n\r\n<strong>\u00a1Les esperamos en el stand 1022!<\/strong>[\/vc_column_text][\/vc_column][\/vc_row]","_es_post_name":"polyclose-2026","_es_post_excerpt":"Asistiremos a la pr\u00f3xima Polyclose, volviendo a la feria despu\u00e9s de muchos a\u00f1os, atra\u00eddos por la importancia de los mercados belga y neerland\u00e9s","_es_post_title":"POLYCLOSE 2026","_ru_post_content":"[vc_row][vc_column width=\"1\/1\"][vc_column_text extra_classes=\"lead text-justify\"]<strong>Fapim, life in evolution!<\/strong>[\/vc_column_text][\/vc_column][\/vc_row][vc_row][vc_column width=\"1\/1\"][vc_column_text extra_classes=\"lead text-justify\"]\u041c\u044b \u043f\u0440\u0438\u043c\u0435\u043c \u0443\u0447\u0430\u0441\u0442\u0438\u0435 \u0432 \u0441\u043b\u0435\u0434\u0443\u044e\u0449\u0435\u0439 \u0432\u044b\u0441\u0442\u0430\u0432\u043a\u0435 <strong>Polyclose<\/strong>, \u0432\u0435\u0440\u043d\u0443\u0432\u0448\u0438\u0441\u044c \u043d\u0430 \u043d\u0435\u0435 \u043f\u043e\u0441\u043b\u0435 \u043c\u043d\u043e\u0433\u043e\u043b\u0435\u0442\u043d\u0435\u0433\u043e \u043f\u0435\u0440\u0435\u0440\u044b\u0432\u0430, \u043f\u0440\u0438\u0432\u043b\u0435\u0447\u0435\u043d\u043d\u044b\u0435 \u0432\u0430\u0436\u043d\u043e\u0441\u0442\u044c\u044e \u0431\u0435\u043b\u044c\u0433\u0438\u0439\u0441\u043a\u043e\u0433\u043e \u0438 \u0433\u043e\u043b\u043b\u0430\u043d\u0434\u0441\u043a\u043e\u0433\u043e \u0440\u044b\u043d\u043a\u043e\u0432 \u0434\u043b\u044f Fapim. \u041f\u043e\u044d\u0442\u043e\u043c\u0443 \u044d\u0442\u043e \u0441\u0442\u0440\u0430\u0442\u0435\u0433\u0438\u0447\u0435\u0441\u043a\u0438\u0439 \u0432\u044b\u0431\u043e\u0440, \u043d\u0430\u043f\u0440\u0430\u0432\u043b\u0435\u043d\u043d\u044b\u0439 \u043d\u0430 \u0440\u0430\u0441\u0448\u0438\u0440\u0435\u043d\u0438\u0435 \u043d\u0430\u0448\u0435\u0433\u043e \u043f\u0440\u0438\u0441\u0443\u0442\u0441\u0442\u0432\u0438\u044f \u0432 \u0440\u0435\u0433\u0438\u043e\u043d\u0435 \u0438 \u043f\u0440\u0435\u0434\u043e\u0441\u0442\u0430\u0432\u043b\u0435\u043d\u0438\u0435 \u043d\u0430\u0448\u0438\u043c \u043f\u0430\u0440\u0442\u043d\u0435\u0440\u0430\u043c \u0432\u043e\u0437\u043c\u043e\u0436\u043d\u043e\u0441\u0442\u0438 \u043b\u0438\u0447\u043d\u043e \u043e\u0437\u043d\u0430\u043a\u043e\u043c\u0438\u0442\u044c\u0441\u044f \u0441 \u043d\u043e\u0432\u044b\u043c\u0438 \u043f\u0440\u043e\u0434\u0443\u043a\u0442\u0430\u043c\u0438, \u043a\u043e\u0442\u043e\u0440\u044b\u0435 \u043c\u044b \u043f\u0440\u0435\u0434\u0441\u0442\u0430\u0432\u0438\u043c \u0437\u0434\u0435\u0441\u044c \u043f\u0435\u0440\u0435\u0434 \u043f\u0440\u0435\u0434\u0441\u0442\u043e\u044f\u0449\u0438\u043c\u0438 \u0440\u0435\u043b\u0438\u0437\u0430\u043c\u0438 \u0432 2026 \u0433\u043e\u0434\u0443.[\/vc_column_text][\/vc_column][\/vc_row][vc_row][vc_column width=\"1\/2\"][vc_single_image image=\"26512\"][\/vc_column][vc_column width=\"1\/2\"][vc_single_image image=\"26511\"][\/vc_column][\/vc_row][vc_row][vc_column width=\"1\/1\"][vc_column_text extra_classes=\"lead text-justify\"]<strong>\u0421\u0440\u0435\u0434\u0438 \u043f\u043e\u0441\u043b\u0435\u0434\u043d\u0438\u0445 \u043d\u043e\u0432\u0438\u043d\u043e\u043a \u0432\u044b \u0443\u0432\u0438\u0434\u0438\u0442\u0435 \u0441\u043a\u0440\u044b\u0442\u044b\u0435 \u0434\u0432\u0435\u0440\u043d\u044b\u0435 \u043f\u0435\u0442\u043b\u0438 OMBRA, \u0434\u043e\u0441\u0442\u0443\u043f\u043d\u044b\u0435 \u043a\u0430\u043a \u0434\u043b\u044f \u0442\u0440\u0430\u0434\u0438\u0446\u0438\u043e\u043d\u043d\u044b\u0445, \u0442\u0430\u043a \u0438 \u0434\u043b\u044f \u0434\u0432\u0435\u0440\u043d\u044b\u0445 \u043f\u0440\u043e\u0444\u0438\u043b\u0435\u0439 Eurogroove. \u0422\u0430\u043a\u0436\u0435 \u0434\u043b\u044f \u0434\u0432\u0435\u0440\u0435\u0439 \u0431\u0443\u0434\u0435\u0442 \u043f\u0440\u0435\u0434\u0441\u0442\u0430\u0432\u043b\u0435\u043d\u0430 \u200b\u200b\u0432\u044b\u0441\u043e\u043a\u043e\u043f\u0440\u043e\u0447\u043d\u0430\u044f \u0446\u0438\u043b\u0438\u043d\u0434\u0440\u0438\u0447\u0435\u0441\u043a\u0430\u044f \u043f\u0435\u0442\u043b\u044f MONACO \u0432 \u043d\u043e\u0432\u043e\u043c \u0432\u0430\u0440\u0438\u0430\u043d\u0442\u0435 \u0434\u043b\u044f \u043f\u0440\u044f\u043c\u043e\u0433\u043e \u043a\u0440\u0435\u043f\u043b\u0435\u043d\u0438\u044f, \u0430 \u043b\u0438\u043d\u0435\u0439\u043a\u0443 OLIMPO \u0434\u043e\u043f\u043e\u043b\u043d\u044f\u0442 \u043c\u0438\u043d\u0438\u043c\u0430\u043b\u0438\u0441\u0442\u0438\u0447\u043d\u044b\u0435 \u0440\u0443\u0447\u043a\u0438 \u0438 \u043e\u043a\u043e\u043d\u043d\u044b\u0435 \u0440\u0443\u0447\u043a\u0438 NUX \u0438 TETI.<\/strong>[\/vc_column_text][\/vc_column][\/vc_row][vc_row][vc_column width=\"1\/2\"][vc_single_image image=\"26510\"][\/vc_column][vc_column width=\"1\/2\"][vc_single_image image=\"26509\"][\/vc_column][\/vc_row][vc_row][vc_column width=\"1\/1\"][vc_column_text extra_classes=\"lead text-justify\"]<strong>\u0412 \u043c\u0438\u0440\u0435 \u0440\u0430\u0437\u0434\u0432\u0438\u0436\u043d\u044b\u0445 \u0434\u0432\u0435\u0440\u0435\u0439 \u043c\u044b \u043f\u0440\u0435\u0434\u0441\u0442\u0430\u0432\u0438\u043c \u043d\u0435\u0434\u0430\u0432\u043d\u043e \u0432\u044b\u043f\u0443\u0449\u0435\u043d\u043d\u0443\u044e \u043b\u0438\u043d\u0435\u0439\u043a\u0443 \u043c\u043d\u043e\u0433\u043e\u0442\u043e\u0447\u0435\u0447\u043d\u044b\u0445 \u0437\u0430\u043c\u043a\u043e\u0432 FORMULA, \u0430 \u0442\u0430\u043a\u0436\u0435 \u0441\u043e\u0432\u0435\u0440\u0448\u0435\u043d\u043d\u043e \u043d\u043e\u0432\u044b\u0435 \u043f\u043e\u0434\u044a\u0435\u043c\u043d\u043e-\u0440\u0430\u0437\u0434\u0432\u0438\u0436\u043d\u044b\u0435 \u0437\u0430\u043c\u043a\u0438 LUCE \u0432 \u0432\u0435\u0440\u0441\u0438\u0438 \u0441 \u0443\u0441\u0442\u0430\u043d\u043e\u0432\u043b\u0435\u043d\u043d\u044b\u043c\u0438 \u043d\u0430 \u043f\u0435\u0440\u0435\u0434\u043d\u0435\u0439 \u043f\u0430\u043d\u0435\u043b\u0438 \u0448\u0442\u0438\u0444\u0442\u0430\u043c\u0438, \u043f\u0440\u0435\u0434\u0432\u0430\u0440\u0438\u0442\u0435\u043b\u044c\u043d\u044b\u0439 \u043f\u043e\u043a\u0430\u0437 \u043a\u043e\u0442\u043e\u0440\u044b\u0445 \u0441\u043e\u0441\u0442\u043e\u044f\u043b\u0441\u044f \u0437\u0434\u0435\u0441\u044c, \u043d\u0430 \u0432\u044b\u0441\u0442\u0430\u0432\u043a\u0435 Polyclose.<\/strong>\r\n\r\n<strong>\u0421 \u043d\u0435\u0442\u0435\u0440\u043f\u0435\u043d\u0438\u0435\u043c \u0436\u0434\u0451\u043c \u0432\u0441\u0442\u0440\u0435\u0447\u0438 \u0441 \u0432\u0430\u043c\u0438 \u043d\u0430 \u0441\u0442\u0435\u043d\u0434\u0435 1022!<\/strong>[\/vc_column_text][\/vc_column][\/vc_row]","_ru_post_name":"polyclose-2026","_ru_post_excerpt":"\u041c\u044b \u043f\u0440\u0438\u043c\u0435\u043c \u0443\u0447\u0430\u0441\u0442\u0438\u0435 \u0432 \u0441\u043b\u0435\u0434\u0443\u044e\u0449\u0435\u0439 \u0432\u044b\u0441\u0442\u0430\u0432\u043a\u0435 Polyclose, \u0432\u0435\u0440\u043d\u0443\u0432\u0448\u0438\u0441\u044c \u043d\u0430 \u043d\u0435\u0435 \u043f\u043e\u0441\u043b\u0435 \u043c\u043d\u043e\u0433\u043e\u043b\u0435\u0442\u043d\u0435\u0433\u043e \u043f\u0435\u0440\u0435\u0440\u044b\u0432\u0430, \u043f\u0440\u0438\u0432\u043b\u0435\u0447\u0435\u043d\u043d\u044b\u0435 \u0432\u0430\u0436\u043d\u043e\u0441\u0442\u044c\u044e \u0431\u0435\u043b\u044c\u0433\u0438\u0439\u0441\u043a\u043e\u0433\u043e \u0438 \u0433\u043e\u043b\u043b\u0430\u043d\u0434\u0441\u043a\u043e\u0433\u043e","_ru_post_title":"POLYCLOSE 2026","_pl_post_content":"[vc_row][vc_column width=\"1\/1\"][vc_column_text extra_classes=\"lead text-justify\"]<strong>Fapim, life in evolution!<\/strong>[\/vc_column_text][\/vc_column][\/vc_row][vc_row][vc_column width=\"1\/1\"][vc_column_text extra_classes=\"lead text-justify\"]B\u0119dziemy uczestniczy\u0107 w kolejnych targach <strong>Polyclose<\/strong>, powracaj\u0105c na nie po wielu latach, przyci\u0105gni\u0119ci znaczeniem rynk\u00f3w belgijskiego i holenderskiego dla Fapim. Jest to zatem strategiczny wyb\u00f3r, maj\u0105cy na celu zwi\u0119kszenie naszej obecno\u015bci w regionie i umo\u017cliwienie naszym partnerom zapoznania si\u0119 z nowymi produktami, kt\u00f3re zaprezentujemy przed ich premier\u0105 w 2026 roku.[\/vc_column_text][\/vc_column][\/vc_row][vc_row][vc_column width=\"1\/2\"][vc_single_image image=\"26512\"][\/vc_column][vc_column width=\"1\/2\"][vc_single_image image=\"26511\"][\/vc_column][\/vc_row][vc_row][vc_column width=\"1\/1\"][vc_column_text extra_classes=\"lead text-justify\"]<strong>W\u015br\u00f3d najnowszych produkt\u00f3w znajd\u0105 si\u0119 ukryte zawiasy drzwiowe OMBRA, dost\u0119pne zar\u00f3wno do profili tradycyjnych, jak i z rowkiem euro. Na stoisku b\u0119dzie r\u00f3wnie\u017c prezentowany zawias cylindryczny MONACO o du\u017cej wytrzyma\u0142o\u015bci w nowej wersji z mocowaniem bezpo\u015brednim, a lini\u0119 OLIMPO uzupe\u0142ni\u0105 minimalistyczne klamki i klamki okienne NUX i TETI.<\/strong>[\/vc_column_text][\/vc_column][\/vc_row][vc_row][vc_column width=\"1\/2\"][vc_single_image image=\"26510\"][\/vc_column][vc_column width=\"1\/2\"][vc_single_image image=\"26509\"][\/vc_column][\/vc_row][vc_row][vc_column width=\"1\/1\"][vc_column_text extra_classes=\"lead text-justify\"]<strong>W \u015bwiecie drzwi przesuwnych zaprezentujemy niedawno wprowadzon\u0105 na rynek lini\u0119 zamk\u00f3w wielopunktowych FORMULA oraz zupe\u0142nie nowe zamki podnoszono-przesuwne LUCE w wersji z bolcami montowanymi z przodu, zaprezentowane na targach Polyclose.<\/strong>\r\n\r\n<strong>Do zobaczenia na stoisku 1022!<\/strong>[\/vc_column_text][\/vc_column][\/vc_row]","_pl_post_name":"polyclose-2026","_pl_post_excerpt":"B\u0119dziemy uczestniczy\u0107 w kolejnych targach Polyclose, powracaj\u0105c na nie po wielu latach, przyci\u0105gni\u0119ci znaczeniem rynk\u00f3w belgijskiego i holenderskiego","_pl_post_title":"POLYCLOSE 2026","edit_language":"it","footnotes":""},"categories":[57,40],"tags":[],"class_list":["post-26505","post","type-post","status-publish","format-standard","has-post-thumbnail","hentry","category-news-mobile","category-eventi-e-news"],"_links":{"self":[{"href":"https:\/\/www.fapim.it\/it\/wp-json\/wp\/v2\/posts\/26505","targetHints":{"allow":["GET"]}}],"collection":[{"href":"https:\/\/www.fapim.it\/it\/wp-json\/wp\/v2\/posts"}],"about":[{"href":"https:\/\/www.fapim.it\/it\/wp-json\/wp\/v2\/types\/post"}],"author":[{"embeddable":true,"href":"https:\/\/www.fapim.it\/it\/wp-json\/wp\/v2\/users\/4"}],"replies":[{"embeddable":true,"href":"https:\/\/www.fapim.it\/it\/wp-json\/wp\/v2\/comments?post=26505"}],"version-history":[{"count":9,"href":"https:\/\/www.fapim.it\/it\/wp-json\/wp\/v2\/posts\/26505\/revisions"}],"predecessor-version":[{"id":26565,"href":"https:\/\/www.fapim.it\/it\/wp-json\/wp\/v2\/posts\/26505\/revisions\/26565"}],"wp:featuredmedia":[{"embeddable":true,"href":"https:\/\/www.fapim.it\/it\/wp-json\/wp\/v2\/media\/26508"}],"wp:attachment":[{"href":"https:\/\/www.fapim.it\/it\/wp-json\/wp\/v2\/media?parent=26505"}],"wp:term":[{"taxonomy":"category","embeddable":true,"href":"https:\/\/www.fapim.it\/it\/wp-json\/wp\/v2\/categories?post=26505"},{"taxonomy":"post_tag","embeddable":true,"href":"https:\/\/www.fapim.it\/it\/wp-json\/wp\/v2\/tags?post=26505"}],"curies":[{"name":"wp","href":"https:\/\/api.w.org\/{rel}","templated":true}]}}