   {"id":23945,"date":"2024-07-10T11:45:53","date_gmt":"2024-07-10T09:45:53","guid":{"rendered":"https:\/\/www.fapim.it\/it\/?p=23945"},"modified":"2024-10-01T08:30:54","modified_gmt":"2024-10-01T06:30:54","slug":"altopascio-info-10-luglio-2024","status":"publish","type":"post","link":"https:\/\/www.fapim.it\/pl\/rassegna-stampa\/altopascio-info-10-luglio-2024\/","title":{"rendered":"","raw":""},"content":{"rendered":"<section class=\"section  text-normal section-text-no-shadow section-inner-no-shadow section-normal section-opaque\"  >\r\n    \r\n    <div class=\"background-overlay grid-overlay-0 \" style=\"background-color: rgba(0,0,0,0);\"><\/div>\r\n\r\n    <div class=\"container container-vertical-default\">\r\n        <div class=\"row vertical-default\">\r\n            <div class=\"col-md-12     text-default small-screen-default\"  ><div class=\"col-text-1 text-normal  element-top-20 element-bottom-20\" data-os-animation=\"none\" data-os-animation-delay=\"0s\">\r\n    <p>Impreza w Royal College z okazji pi\u0119\u0107dziesi\u0105tej rocznicy dzia\u0142alno\u015bci Fapim<\/p>\n<p><a href=\"https:\/\/altopascio.info\/2024\/07\/10\/festa-al-real-collegio-per-il-cinquantesimo-anniversario-dellattivita-della-fapim\/#google_vignette\">Przeczytaj artyku\u0142<\/a><\/p>\n<\/div>\r\n<\/div>        <\/div>\r\n    <\/div>\r\n<\/section>\r\n\n","protected":false,"raw":"[vc_row][vc_column][vc_column_text]Impreza w Royal College z okazji pi\u0119\u0107dziesi\u0105tej rocznicy dzia\u0142alno\u015bci Fapim\r\n\r\n<a href=\"https:\/\/altopascio.info\/2024\/07\/10\/festa-al-real-collegio-per-il-cinquantesimo-anniversario-dellattivita-della-fapim\/#google_vignette\">Przeczytaj artyku\u0142<\/a>\r\n\r\n[\/vc_column_text][\/vc_column][\/vc_row]"},"excerpt":{"rendered":"<p>Impreza w Royal College z okazji pi\u0119\u0107dziesi\u0105tej rocznicy dzia\u0142alno\u015bci Fapim<\/p>\n","protected":false,"raw":"Impreza w Royal College z okazji pi\u0119\u0107dziesi\u0105tej rocznicy dzia\u0142alno\u015bci Fapim"},"author":4,"featured_media":23944,"comment_status":"open","ping_status":"open","sticky":false,"template":"","format":"standard","meta":{"_it_post_content":"<p class=\"title mt-0 mb-3\">Festa al Real Collegio per il Cinquantesimo Anniversario dell\u2019Attivit\u00e0 della Fapim<\/p>\r\n<a href=\"https:\/\/altopascio.info\/2024\/07\/10\/festa-al-real-collegio-per-il-cinquantesimo-anniversario-dellattivita-della-fapim\/#google_vignette\">Leggi articolo<\/a>","_it_post_name":"altopascio-info-10-luglio-2024","_it_post_excerpt":"Festa al Real Collegio per il Cinquantesimo Anniversario dell\u2019Attivit\u00e0 della Fapim","_it_post_title":"Altopascio.info. 10 Luglio 2024","_en_post_content":"[vc_row][vc_column][vc_column_text]Party at the Royal College for the fiftieth anniversary of Fapim's activity\r\n\r\n<a href=\"https:\/\/altopascio.info\/2024\/07\/10\/festa-al-real-collegio-per-il-cinquantesimo-anniversario-dellattivita-della-fapim\/#google_vignette\">Read article<\/a>\r\n\r\n[\/vc_column_text][\/vc_column][\/vc_row]","_en_post_name":"altopascio-info-10-luglio-2024","_en_post_excerpt":"Party at the Royal College for the fiftieth anniversary of Fapim's activity","_en_post_title":"","_fr_post_content":"[vc_row][vc_column][vc_column_text]F\u00eate au Coll\u00e8ge Royal pour le cinquanti\u00e8me anniversaire de l'activit\u00e9 du Fapim\r\n\r\n<a href=\"https:\/\/altopascio.info\/2024\/07\/10\/festa-al-real-collegio-per-il-cinquantesimo-anniversario-dellattivita-della-fapim\/#google_vignette\">Lire l'article<\/a>\r\n\r\n[\/vc_column_text][\/vc_column][\/vc_row]","_fr_post_name":"altopascio-info-10-luglio-2024","_fr_post_excerpt":"F\u00eate au Coll\u00e8ge Royal pour le cinquanti\u00e8me anniversaire de l'activit\u00e9 du Fapim","_fr_post_title":"","_es_post_content":"[vc_row][vc_column][vc_column_text]Fiesta en el Royal College por el cincuentenario de actividad de Fapim\r\n\r\n<a href=\"https:\/\/altopascio.info\/2024\/07\/10\/festa-al-real-collegio-per-il-cinquantesimo-anniversario-dellattivita-della-fapim\/#google_vignette\">Lee el art\u00edculo<\/a>\r\n\r\n[\/vc_column_text][\/vc_column][\/vc_row]","_es_post_name":"altopascio-info-10-luglio-2024","_es_post_excerpt":"Fiesta en el Royal College por el cincuentenario de actividad de Fapim","_es_post_title":"","_ru_post_content":"[vc_row][vc_column][vc_column_text]\u0412\u0435\u0447\u0435\u0440\u0438\u043d\u043a\u0430 \u0432 \u041a\u043e\u0440\u043e\u043b\u0435\u0432\u0441\u043a\u043e\u043c \u043a\u043e\u043b\u043b\u0435\u0434\u0436\u0435 \u043f\u043e \u0441\u043b\u0443\u0447\u0430\u044e \u043f\u044f\u0442\u0438\u0434\u0435\u0441\u044f\u0442\u0438\u043b\u0435\u0442\u0438\u044f \u0434\u0435\u044f\u0442\u0435\u043b\u044c\u043d\u043e\u0441\u0442\u0438 \u0424\u0430\u043f\u0438\u043c\u0430\r\n\r\n<a href=\"https:\/\/altopascio.info\/2024\/07\/10\/festa-al-real-collegio-per-il-cinquantesimo-anniversario-dellattivita-della-fapim\/#google_vignette\">\u0427\u0438\u0442\u0430\u0442\u044c \u0441\u0442\u0430\u0442\u044c\u044e<\/a>\r\n\r\n[\/vc_column_text][\/vc_column][\/vc_row]","_ru_post_name":"altopascio-info-10-luglio-2024","_ru_post_excerpt":"\u0412\u0435\u0447\u0435\u0440\u0438\u043d\u043a\u0430 \u0432 \u041a\u043e\u0440\u043e\u043b\u0435\u0432\u0441\u043a\u043e\u043c \u043a\u043e\u043b\u043b\u0435\u0434\u0436\u0435 \u043f\u043e \u0441\u043b\u0443\u0447\u0430\u044e \u043f\u044f\u0442\u0438\u0434\u0435\u0441\u044f\u0442\u0438\u043b\u0435\u0442\u0438\u044f \u0434\u0435\u044f\u0442\u0435\u043b\u044c\u043d\u043e\u0441\u0442\u0438 \u0424\u0430\u043f\u0438\u043c\u0430","_ru_post_title":"","_pl_post_content":"[vc_row][vc_column][vc_column_text]Impreza w Royal College z okazji pi\u0119\u0107dziesi\u0105tej rocznicy dzia\u0142alno\u015bci Fapim\r\n\r\n<a href=\"https:\/\/altopascio.info\/2024\/07\/10\/festa-al-real-collegio-per-il-cinquantesimo-anniversario-dellattivita-della-fapim\/#google_vignette\">Przeczytaj artyku\u0142<\/a>\r\n\r\n[\/vc_column_text][\/vc_column][\/vc_row]","_pl_post_name":"altopascio-info-10-luglio-2024","_pl_post_excerpt":"Impreza w Royal College z okazji pi\u0119\u0107dziesi\u0105tej rocznicy dzia\u0142alno\u015bci Fapim","_pl_post_title":"","edit_language":"pl","footnotes":""},"categories":[28],"tags":[],"class_list":["post-23945","post","type-post","status-publish","format-standard","has-post-thumbnail","hentry","category-rassegna-stampa"],"_links":{"self":[{"href":"https:\/\/www.fapim.it\/pl\/wp-json\/wp\/v2\/posts\/23945","targetHints":{"allow":["GET"]}}],"collection":[{"href":"https:\/\/www.fapim.it\/pl\/wp-json\/wp\/v2\/posts"}],"about":[{"href":"https:\/\/www.fapim.it\/pl\/wp-json\/wp\/v2\/types\/post"}],"author":[{"embeddable":true,"href":"https:\/\/www.fapim.it\/pl\/wp-json\/wp\/v2\/users\/4"}],"replies":[{"embeddable":true,"href":"https:\/\/www.fapim.it\/pl\/wp-json\/wp\/v2\/comments?post=23945"}],"version-history":[{"count":1,"href":"https:\/\/www.fapim.it\/pl\/wp-json\/wp\/v2\/posts\/23945\/revisions"}],"predecessor-version":[{"id":23946,"href":"https:\/\/www.fapim.it\/pl\/wp-json\/wp\/v2\/posts\/23945\/revisions\/23946"}],"wp:featuredmedia":[{"embeddable":true,"href":"https:\/\/www.fapim.it\/pl\/wp-json\/wp\/v2\/media\/23944"}],"wp:attachment":[{"href":"https:\/\/www.fapim.it\/pl\/wp-json\/wp\/v2\/media?parent=23945"}],"wp:term":[{"taxonomy":"category","embeddable":true,"href":"https:\/\/www.fapim.it\/pl\/wp-json\/wp\/v2\/categories?post=23945"},{"taxonomy":"post_tag","embeddable":true,"href":"https:\/\/www.fapim.it\/pl\/wp-json\/wp\/v2\/tags?post=23945"}],"curies":[{"name":"wp","href":"https:\/\/api.w.org\/{rel}","templated":true}]}}