   {"id":23963,"date":"2024-07-22T15:00:49","date_gmt":"2024-07-22T13:00:49","guid":{"rendered":"https:\/\/www.fapim.it\/it\/?p=23963"},"modified":"2024-09-09T10:38:06","modified_gmt":"2024-09-09T08:38:06","slug":"obchody-50-lat-fapim-klienci-z-12-krajow-oraz-impreza-dla-500-pracownikow","status":"publish","type":"post","link":"https:\/\/www.fapim.it\/pl\/eventi-e-news\/obchody-50-lat-fapim-klienci-z-12-krajow-oraz-impreza-dla-500-pracownikow\/","title":{"rendered":"50 LAT FAPIM","raw":"50 LAT FAPIM"},"content":{"rendered":"<section class=\"section  text-normal section-text-no-shadow section-inner-no-shadow section-normal section-opaque\"  >\r\n    \r\n    <div class=\"background-overlay grid-overlay-0 \" style=\"background-color: rgba(0,0,0,0);\"><\/div>\r\n\r\n    <div class=\"container container-vertical-default\">\r\n        <div class=\"row vertical-default\">\r\n            <div class=\"col-md-12     text-default small-screen-default\"  ><div class=\"col-text-1 text-normal lead text-justify element-top-20 element-bottom-20\" data-os-animation=\"none\" data-os-animation-delay=\"0s\">\r\n    <p><strong>Fapim z Altopascio, firmy produkuj\u0105cej akcesoria do okien i drzwi, zatrudniaj\u0105cej 500 pracownik\u00f3w i osi\u0105gaj\u0105cej obr\u00f3t w wysoko\u015bci 57 milion\u00f3w euro w 2023 r., kt\u00f3ra eksportuje na ca\u0142y \u015bwiat ponad 90% swojej w 100% wyprodukowanej we W\u0142oszech produkcji, zako\u0144czy\u0142 obchody pi\u0119\u0107dziesi\u0119ciu lat dzia\u0142alno\u015bci.<\/strong><\/p>\n<\/div>\r\n<div class=\" element-top-20 element-bottom-20\" data-os-animation=\"none\" data-os-animation-delay=\"0s\" ><iframe loading=\"lazy\" title=\"50\u00b0 Fapim_trailer\" width=\"1170\" height=\"658\" src=\"https:\/\/www.youtube.com\/embed\/ljdk60SBcE4?feature=oembed\" frameborder=\"0\" allow=\"accelerometer; autoplay; clipboard-write; encrypted-media; gyroscope; picture-in-picture; web-share\" referrerpolicy=\"strict-origin-when-cross-origin\" allowfullscreen><\/iframe><\/div><\/div>        <\/div>\r\n    <\/div>\r\n<\/section>\r\n<section class=\"section  text-normal section-text-no-shadow section-inner-no-shadow section-normal section-opaque\"  >\r\n    \r\n    <div class=\"background-overlay grid-overlay-0 \" style=\"background-color: rgba(0,0,0,0);\"><\/div>\r\n\r\n    <div class=\"container container-vertical-default\">\r\n        <div class=\"row vertical-default\">\r\n            <div class=\"col-md-12     text-default small-screen-default\"  ><div class=\"col-text-1 text-normal lead text-justify element-top-20 element-bottom-20\" data-os-animation=\"none\" data-os-animation-delay=\"0s\">\r\n    <p><strong>Z okazji tego wa\u017cnego wydarzenia w dniach 8\u201313 lipca do Altopascio przybyli nie tylko wszyscy agenci handlowi z Francji, Polski, Belgii, Stan\u00f3w Zjednoczonych, Hiszpanii, Grecji, Wielkiej Brytanii, Rosji, Ba\u0142kan\u00f3w i Argentyny, ale tak\u017ce g\u0142\u00f3wni klienci ze wszystkich nad W\u0142ochami i z dwunastu innych kraj\u00f3w.<\/strong><\/p>\n<\/div>\r\n<\/div>        <\/div>\r\n    <\/div>\r\n<\/section>\r\n<section class=\"section  text-normal section-text-no-shadow section-inner-no-shadow section-normal section-opaque\"  >\r\n    \r\n    <div class=\"background-overlay grid-overlay-0 \" style=\"background-color: rgba(0,0,0,0);\"><\/div>\r\n\r\n    <div class=\"container container-vertical-default\">\r\n        <div class=\"row vertical-default\">\r\n            <div class=\"col-md-4     text-center small-screen-center\"  ><div class=\"figure element-top-20 element-bottom-20  \" data-os-animation=\"none\" data-os-animation-delay=\"0s\">\r\n            <a href=\"https:\/\/www.fapim.it\/wp-content\/uploads\/2024\/07\/1aperitivo.jpg\" class=\"figure-image magnific\" target=\"_self\">\r\n        <img loading=\"lazy\" decoding=\"async\" width=\"567\" height=\"425\" src=\"https:\/\/www.fapim.it\/wp-content\/uploads\/2024\/07\/1aperitivo.jpg\" class=\"attachment-full size-full\" alt=\"\" \/>            <\/a>\r\n    <\/div>\r\n<\/div><div class=\"col-md-4     text-default small-screen-default\"  ><div class=\"figure element-top-20 element-bottom-20  \" data-os-animation=\"none\" data-os-animation-delay=\"0s\">\r\n            <a href=\"https:\/\/www.fapim.it\/wp-content\/uploads\/2024\/07\/2aperitivo.jpg\" class=\"figure-image magnific\" target=\"_self\">\r\n        <img loading=\"lazy\" decoding=\"async\" width=\"567\" height=\"425\" src=\"https:\/\/www.fapim.it\/wp-content\/uploads\/2024\/07\/2aperitivo.jpg\" class=\"attachment-full size-full\" alt=\"\" \/>            <\/a>\r\n    <\/div>\r\n<\/div><div class=\"col-md-4     text-default small-screen-default\"  ><div class=\"figure element-top-20 element-bottom-20  \" data-os-animation=\"none\" data-os-animation-delay=\"0s\">\r\n            <a href=\"https:\/\/www.fapim.it\/wp-content\/uploads\/2024\/07\/3aperitivo.jpg\" class=\"figure-image magnific\" target=\"_self\">\r\n        <img loading=\"lazy\" decoding=\"async\" width=\"567\" height=\"425\" src=\"https:\/\/www.fapim.it\/wp-content\/uploads\/2024\/07\/3aperitivo.jpg\" class=\"attachment-full size-full\" alt=\"\" \/>            <\/a>\r\n    <\/div>\r\n<\/div>        <\/div>\r\n    <\/div>\r\n<\/section>\r\n<section class=\"section  text-normal section-text-no-shadow section-inner-no-shadow section-normal section-opaque\"  >\r\n    \r\n    <div class=\"background-overlay grid-overlay-0 \" style=\"background-color: rgba(0,0,0,0);\"><\/div>\r\n\r\n    <div class=\"container container-vertical-default\">\r\n        <div class=\"row vertical-default\">\r\n            <div class=\"col-md-12     text-default small-screen-default\"  ><div class=\"col-text-1 text-normal lead text-justify element-top-20 element-bottom-20\" data-os-animation=\"none\" data-os-animation-delay=\"0s\">\r\n    <p><strong>To wielkie osi\u0105gni\u0119cie, kt\u00f3re rozpocz\u0119\u0142o si\u0119 dzi\u0119ki wizji i wytrwa\u0142o\u015bci trzech cz\u0142onk\u00f3w za\u0142o\u017cycieli \u2013 Paolo Bellandiego (zmar\u0142ego w 2015 r.), Lido Bendinellego i Sergio Paciniego \u2013 a dzi\u015b jest kontynuowane przez drugie pokolenie wraz z Bendinellim i Pacinim.<\/strong><\/p>\n<\/div>\r\n<\/div>        <\/div>\r\n    <\/div>\r\n<\/section>\r\n<section class=\"section  text-normal section-text-no-shadow section-inner-no-shadow section-normal section-opaque\"  >\r\n    \r\n    <div class=\"background-overlay grid-overlay-0 \" style=\"background-color: rgba(0,0,0,0);\"><\/div>\r\n\r\n    <div class=\"container container-vertical-default\">\r\n        <div class=\"row vertical-default\">\r\n            <div class=\"col-md-4     text-center small-screen-center\"  ><div class=\"figure element-top-20 element-bottom-20  \" data-os-animation=\"none\" data-os-animation-delay=\"0s\">\r\n            <a href=\"https:\/\/www.fapim.it\/wp-content\/uploads\/2024\/07\/1visitaaziendale.jpg\" class=\"figure-image magnific\" target=\"_self\">\r\n        <img loading=\"lazy\" decoding=\"async\" width=\"567\" height=\"378\" src=\"https:\/\/www.fapim.it\/wp-content\/uploads\/2024\/07\/1visitaaziendale.jpg\" class=\"attachment-full size-full\" alt=\"\" \/>            <\/a>\r\n    <\/div>\r\n<\/div><div class=\"col-md-4     text-default small-screen-default\"  ><div class=\"figure element-top-20 element-bottom-20  \" data-os-animation=\"none\" data-os-animation-delay=\"0s\">\r\n            <a href=\"https:\/\/www.fapim.it\/wp-content\/uploads\/2024\/07\/2visitaaziendale.jpg\" class=\"figure-image magnific\" target=\"_self\">\r\n        <img loading=\"lazy\" decoding=\"async\" width=\"567\" height=\"378\" src=\"https:\/\/www.fapim.it\/wp-content\/uploads\/2024\/07\/2visitaaziendale.jpg\" class=\"attachment-full size-full\" alt=\"\" \/>            <\/a>\r\n    <\/div>\r\n<\/div><div class=\"col-md-4     text-default small-screen-default\"  ><div class=\"figure element-top-20 element-bottom-20  \" data-os-animation=\"none\" data-os-animation-delay=\"0s\">\r\n            <a href=\"https:\/\/www.fapim.it\/wp-content\/uploads\/2024\/07\/3visitaaziendale.jpg\" class=\"figure-image magnific\" target=\"_self\">\r\n        <img loading=\"lazy\" decoding=\"async\" width=\"567\" height=\"378\" src=\"https:\/\/www.fapim.it\/wp-content\/uploads\/2024\/07\/3visitaaziendale.jpg\" class=\"attachment-full size-full\" alt=\"\" \/>            <\/a>\r\n    <\/div>\r\n<\/div>        <\/div>\r\n    <\/div>\r\n<\/section>\r\n<section class=\"section  text-normal section-text-no-shadow section-inner-no-shadow section-normal section-opaque\"  >\r\n    \r\n    <div class=\"background-overlay grid-overlay-0 \" style=\"background-color: rgba(0,0,0,0);\"><\/div>\r\n\r\n    <div class=\"container container-vertical-default\">\r\n        <div class=\"row vertical-default\">\r\n            <div class=\"col-md-12     text-default small-screen-default\"  ><div class=\"col-text-1 text-normal lead text-justify element-top-20 element-bottom-20\" data-os-animation=\"none\" data-os-animation-delay=\"0s\">\r\n    <p><strong>Program obejmowa\u0142 wizyt\u0119 w dw\u00f3ch fabrykach przy Via delle Cerbaie i Spianate di Altopascio, gdzie odbywa si\u0119 100% produkcji i sk\u0105d produkty trafiaj\u0105 do ponad 100 kraj\u00f3w na ca\u0142ym \u015bwiecie.<\/strong><\/p>\n<\/div>\r\n<\/div>        <\/div>\r\n    <\/div>\r\n<\/section>\r\n<section class=\"section  text-normal section-text-no-shadow section-inner-no-shadow section-normal section-opaque\"  >\r\n    \r\n    <div class=\"background-overlay grid-overlay-0 \" style=\"background-color: rgba(0,0,0,0);\"><\/div>\r\n\r\n    <div class=\"container container-vertical-default\">\r\n        <div class=\"row vertical-default\">\r\n            <div class=\"col-md-4     text-center small-screen-center\"  ><div class=\"figure element-top-20 element-bottom-20  \" data-os-animation=\"none\" data-os-animation-delay=\"0s\">\r\n            <a href=\"https:\/\/www.fapim.it\/wp-content\/uploads\/2024\/07\/1showroom.jpg\" class=\"figure-image magnific\" target=\"_self\">\r\n        <img loading=\"lazy\" decoding=\"async\" width=\"575\" height=\"383\" src=\"https:\/\/www.fapim.it\/wp-content\/uploads\/2024\/07\/1showroom.jpg\" class=\"attachment-large size-large\" alt=\"\" \/>            <\/a>\r\n    <\/div>\r\n<\/div><div class=\"col-md-4     text-default small-screen-default\"  ><div class=\"figure element-top-20 element-bottom-20  \" data-os-animation=\"none\" data-os-animation-delay=\"0s\">\r\n            <a href=\"https:\/\/www.fapim.it\/wp-content\/uploads\/2024\/07\/2showroom.jpg\" class=\"figure-image magnific\" target=\"_self\">\r\n        <img loading=\"lazy\" decoding=\"async\" width=\"567\" height=\"378\" src=\"https:\/\/www.fapim.it\/wp-content\/uploads\/2024\/07\/2showroom.jpg\" class=\"attachment-full size-full\" alt=\"\" \/>            <\/a>\r\n    <\/div>\r\n<\/div><div class=\"col-md-4     text-default small-screen-default\"  ><div class=\"figure element-top-20 element-bottom-20  \" data-os-animation=\"none\" data-os-animation-delay=\"0s\">\r\n            <a href=\"https:\/\/www.fapim.it\/wp-content\/uploads\/2024\/07\/3showroom.jpg\" class=\"figure-image magnific\" target=\"_self\">\r\n        <img loading=\"lazy\" decoding=\"async\" width=\"567\" height=\"378\" src=\"https:\/\/www.fapim.it\/wp-content\/uploads\/2024\/07\/3showroom.jpg\" class=\"attachment-full size-full\" alt=\"\" \/>            <\/a>\r\n    <\/div>\r\n<\/div>        <\/div>\r\n    <\/div>\r\n<\/section>\r\n<section class=\"section  text-normal section-text-no-shadow section-inner-no-shadow section-normal section-opaque\"  >\r\n    \r\n    <div class=\"background-overlay grid-overlay-0 \" style=\"background-color: rgba(0,0,0,0);\"><\/div>\r\n\r\n    <div class=\"container container-vertical-default\">\r\n        <div class=\"row vertical-default\">\r\n            <div class=\"col-md-12     text-default small-screen-default\"  ><div class=\"col-text-1 text-normal lead text-justify element-top-20 element-bottom-20\" data-os-animation=\"none\" data-os-animation-delay=\"0s\">\r\n    <p><strong>W centrum wizyt znajduje si\u0119 nowy magazyn automatyczny, dzia\u0142aj\u0105cy od wrze\u015bnia ubieg\u0142ego roku, kt\u00f3ry stanowi jedn\u0105 z g\u0142\u00f3wnych inwestycji firmy, kt\u00f3ra w ci\u0105gu ostatnich pi\u0119ciu lat osi\u0105gn\u0119\u0142a 35 milion\u00f3w, co stanowi ponad 10% obrotu.<\/strong><\/p>\n<\/div>\r\n<\/div>        <\/div>\r\n    <\/div>\r\n<\/section>\r\n<section class=\"section  text-normal section-text-no-shadow section-inner-no-shadow section-normal section-opaque\"  >\r\n    \r\n    <div class=\"background-overlay grid-overlay-0 \" style=\"background-color: rgba(0,0,0,0);\"><\/div>\r\n\r\n    <div class=\"container container-vertical-default\">\r\n        <div class=\"row vertical-default\">\r\n            <div class=\"col-md-4     text-center small-screen-center\"  ><div class=\"figure element-top-20 element-bottom-20  \" data-os-animation=\"none\" data-os-animation-delay=\"0s\">\r\n            <a href=\"https:\/\/www.fapim.it\/wp-content\/uploads\/2024\/07\/1forassiepo.jpg\" class=\"figure-image magnific\" target=\"_self\">\r\n        <img loading=\"lazy\" decoding=\"async\" width=\"567\" height=\"378\" src=\"https:\/\/www.fapim.it\/wp-content\/uploads\/2024\/07\/1forassiepo.jpg\" class=\"attachment-full size-full\" alt=\"\" \/>            <\/a>\r\n    <\/div>\r\n<\/div><div class=\"col-md-4     text-default small-screen-default\"  ><div class=\"figure element-top-20 element-bottom-20  \" data-os-animation=\"none\" data-os-animation-delay=\"0s\">\r\n            <a href=\"https:\/\/www.fapim.it\/wp-content\/uploads\/2024\/07\/2forassiepo.jpg\" class=\"figure-image magnific\" target=\"_self\">\r\n        <img loading=\"lazy\" decoding=\"async\" width=\"567\" height=\"378\" src=\"https:\/\/www.fapim.it\/wp-content\/uploads\/2024\/07\/2forassiepo.jpg\" class=\"attachment-full size-full\" alt=\"\" \/>            <\/a>\r\n    <\/div>\r\n<\/div><div class=\"col-md-4     text-default small-screen-default\"  ><div class=\"figure element-top-20 element-bottom-20  \" data-os-animation=\"none\" data-os-animation-delay=\"0s\">\r\n            <a href=\"https:\/\/www.fapim.it\/wp-content\/uploads\/2024\/07\/3forassiepo.jpg\" class=\"figure-image magnific\" target=\"_self\">\r\n        <img loading=\"lazy\" decoding=\"async\" width=\"567\" height=\"378\" src=\"https:\/\/www.fapim.it\/wp-content\/uploads\/2024\/07\/3forassiepo.jpg\" class=\"attachment-full size-full\" alt=\"\" \/>            <\/a>\r\n    <\/div>\r\n<\/div>        <\/div>\r\n    <\/div>\r\n<\/section>\r\n<section class=\"section  text-normal section-text-no-shadow section-inner-no-shadow section-normal section-opaque\"  >\r\n    \r\n    <div class=\"background-overlay grid-overlay-0 \" style=\"background-color: rgba(0,0,0,0);\"><\/div>\r\n\r\n    <div class=\"container container-vertical-default\">\r\n        <div class=\"row vertical-default\">\r\n            <div class=\"col-md-12     text-default small-screen-default\"  ><div class=\"col-text-1 text-normal lead text-justify element-top-20 element-bottom-20\" data-os-animation=\"none\" data-os-animation-delay=\"0s\">\r\n    <p><strong>Wizyta, kt\u00f3ra zamiast celebrowa\u0107 przesz\u0142o\u015b\u0107, mia\u0142a na celu wytyczenie kierunk\u00f3w przysz\u0142ego rozwoju Fapim we W\u0142oszech i na \u015bwiecie.<br \/>\n<\/strong><\/p>\n<\/div>\r\n<\/div>        <\/div>\r\n    <\/div>\r\n<\/section>\r\n<section class=\"section  text-normal section-text-no-shadow section-inner-no-shadow section-normal section-opaque\"  >\r\n    \r\n    <div class=\"background-overlay grid-overlay-0 \" style=\"background-color: rgba(0,0,0,0);\"><\/div>\r\n\r\n    <div class=\"container container-vertical-default\">\r\n        <div class=\"row vertical-default\">\r\n            <div class=\"col-md-4     text-center small-screen-center\"  ><div class=\"figure element-top-20 element-bottom-20  \" data-os-animation=\"none\" data-os-animation-delay=\"0s\">\r\n            <a href=\"https:\/\/www.fapim.it\/wp-content\/uploads\/2024\/07\/1realcollege.jpg\" class=\"figure-image magnific\" target=\"_self\">\r\n        <img loading=\"lazy\" decoding=\"async\" width=\"567\" height=\"378\" src=\"https:\/\/www.fapim.it\/wp-content\/uploads\/2024\/07\/1realcollege.jpg\" class=\"attachment-full size-full\" alt=\"\" \/>            <\/a>\r\n    <\/div>\r\n<\/div><div class=\"col-md-4     text-default small-screen-default\"  ><div class=\"figure element-top-20 element-bottom-20  \" data-os-animation=\"none\" data-os-animation-delay=\"0s\">\r\n            <a href=\"https:\/\/www.fapim.it\/wp-content\/uploads\/2024\/07\/2realcollege.jpg\" class=\"figure-image magnific\" target=\"_self\">\r\n        <img loading=\"lazy\" decoding=\"async\" width=\"567\" height=\"378\" src=\"https:\/\/www.fapim.it\/wp-content\/uploads\/2024\/07\/2realcollege.jpg\" class=\"attachment-full size-full\" alt=\"\" \/>            <\/a>\r\n    <\/div>\r\n<\/div><div class=\"col-md-4     text-default small-screen-default\"  ><div class=\"figure element-top-20 element-bottom-20  \" data-os-animation=\"none\" data-os-animation-delay=\"0s\">\r\n            <a href=\"https:\/\/www.fapim.it\/wp-content\/uploads\/2024\/07\/3realcollege.jpg\" class=\"figure-image magnific\" target=\"_self\">\r\n        <img loading=\"lazy\" decoding=\"async\" width=\"567\" height=\"378\" src=\"https:\/\/www.fapim.it\/wp-content\/uploads\/2024\/07\/3realcollege.jpg\" class=\"attachment-full size-full\" alt=\"\" \/>            <\/a>\r\n    <\/div>\r\n<\/div>        <\/div>\r\n    <\/div>\r\n<\/section>\r\n<section class=\"section  text-normal section-text-no-shadow section-inner-no-shadow section-normal section-opaque\"  >\r\n    \r\n    <div class=\"background-overlay grid-overlay-0 \" style=\"background-color: rgba(0,0,0,0);\"><\/div>\r\n\r\n    <div class=\"container container-vertical-default\">\r\n        <div class=\"row vertical-default\">\r\n            <div class=\"col-md-12     text-default small-screen-default\"  ><div class=\"col-text-1 text-normal lead text-justify element-top-20 element-bottom-20\" data-os-animation=\"none\" data-os-animation-delay=\"0s\">\r\n    <p><strong>Idealnym zako\u0144czeniem obchod\u00f3w by\u0142a kolacja po\u015bwi\u0119cona 500 pracownikom, kt\u00f3ra odby\u0142a si\u0119 w jednej z najbardziej sugestywnych budowli w Lukce, Real Collegio, podczas wieczoru ubranego w barwy firmy w ramach wydarzenia po\u015bwi\u0119conego rodzinie Fapim, zjednoczonej i sp\u00f3jnie od 50 lat, aby jak najlepiej sprosta\u0107 wyzwaniom wzrostu oraz zr\u00f3wnowa\u017conego rozwoju spo\u0142ecznego i \u015brodowiskowego, kt\u00f3re zawsze wyr\u00f3\u017cnia\u0142y toska\u0144sk\u0105 firm\u0119.<\/strong><\/p>\n<\/div>\r\n<\/div>        <\/div>\r\n    <\/div>\r\n<\/section>\r\n<section class=\"section  text-normal section-text-no-shadow section-inner-no-shadow section-normal section-opaque\"  >\r\n    \r\n    <div class=\"background-overlay grid-overlay-0 \" style=\"background-color: rgba(0,0,0,0);\"><\/div>\r\n\r\n    <div class=\"container container-vertical-default\">\r\n        <div class=\"row vertical-default\">\r\n            <div class=\"col-md-12     text-default small-screen-default\"  ><div class=\"figure element-top-20 element-bottom-20  \" data-os-animation=\"none\" data-os-animation-delay=\"0s\">\r\n            <a href=\"https:\/\/www.fapim.it\/wp-content\/uploads\/2024\/03\/logo50-_2.png\" class=\"figure-image magnific\" target=\"_self\">\r\n        <img loading=\"lazy\" decoding=\"async\" width=\"2500\" height=\"1250\" src=\"https:\/\/www.fapim.it\/wp-content\/uploads\/2024\/03\/logo50-_2.png\" class=\"attachment-full size-full\" alt=\"\" \/>            <\/a>\r\n    <\/div>\r\n<\/div>        <\/div>\r\n    <\/div>\r\n<\/section>\n","protected":false,"raw":"[vc_row][vc_column][vc_column_text extra_classes=\"lead text-justify\"]<strong>Fapim z Altopascio, firmy produkuj\u0105cej akcesoria do okien i drzwi, zatrudniaj\u0105cej 500 pracownik\u00f3w i osi\u0105gaj\u0105cej obr\u00f3t w wysoko\u015bci 57 milion\u00f3w euro w 2023 r., kt\u00f3ra eksportuje na ca\u0142y \u015bwiat ponad 90% swojej w 100% wyprodukowanej we W\u0142oszech produkcji, zako\u0144czy\u0142 obchody pi\u0119\u0107dziesi\u0119ciu lat dzia\u0142alno\u015bci.<\/strong>[\/vc_column_text][vc_video src=\"https:\/\/youtu.be\/ljdk60SBcE4?si=jtY2wV8d2ITDN-5_\"][\/vc_column][\/vc_row][vc_row][vc_column][vc_column_text extra_classes=\"lead text-justify\"]<strong>Z okazji tego wa\u017cnego wydarzenia w dniach 8\u201313 lipca do Altopascio przybyli nie tylko wszyscy agenci handlowi z Francji, Polski, Belgii, Stan\u00f3w Zjednoczonych, Hiszpanii, Grecji, Wielkiej Brytanii, Rosji, Ba\u0142kan\u00f3w i Argentyny, ale tak\u017ce g\u0142\u00f3wni klienci ze wszystkich nad W\u0142ochami i z dwunastu innych kraj\u00f3w.<\/strong>[\/vc_column_text][\/vc_column][\/vc_row][vc_row][vc_column align=\"center\" align_sm=\"center\" width=\"1\/3\"][vc_single_image image=\"23950\"][\/vc_column][vc_column width=\"1\/3\"][vc_single_image image=\"23954\"][\/vc_column][vc_column width=\"1\/3\"][vc_single_image image=\"23958\"][\/vc_column][\/vc_row][vc_row][vc_column][vc_column_text extra_classes=\"lead text-justify\"]<strong>To wielkie osi\u0105gni\u0119cie, kt\u00f3re rozpocz\u0119\u0142o si\u0119 dzi\u0119ki wizji i wytrwa\u0142o\u015bci trzech cz\u0142onk\u00f3w za\u0142o\u017cycieli \u2013 Paolo Bellandiego (zmar\u0142ego w 2015 r.), Lido Bendinellego i Sergio Paciniego \u2013 a dzi\u015b jest kontynuowane przez drugie pokolenie wraz z Bendinellim i Pacinim.<\/strong>[\/vc_column_text][\/vc_column][\/vc_row][vc_row][vc_column align=\"center\" align_sm=\"center\" width=\"1\/3\"][vc_single_image image=\"23953\"][\/vc_column][vc_column width=\"1\/3\"][vc_single_image image=\"23957\"][\/vc_column][vc_column width=\"1\/3\"][vc_single_image image=\"23961\"][\/vc_column][\/vc_row][vc_row][vc_column][vc_column_text extra_classes=\"lead text-justify\"]<strong>Program obejmowa\u0142 wizyt\u0119 w dw\u00f3ch fabrykach przy Via delle Cerbaie i Spianate di Altopascio, gdzie odbywa si\u0119 100% produkcji i sk\u0105d produkty trafiaj\u0105 do ponad 100 kraj\u00f3w na ca\u0142ym \u015bwiecie.<\/strong>[\/vc_column_text][\/vc_column][\/vc_row][vc_row][vc_column align=\"center\" align_sm=\"center\" width=\"1\/3\"][vc_single_image image=\"23979\" image_size=\"large\"][\/vc_column][vc_column width=\"1\/3\"][vc_single_image image=\"23972\"][\/vc_column][vc_column width=\"1\/3\"][vc_single_image image=\"23973\"][\/vc_column][\/vc_row][vc_row][vc_column][vc_column_text extra_classes=\"lead text-justify\"]<strong>W centrum wizyt znajduje si\u0119 nowy magazyn automatyczny, dzia\u0142aj\u0105cy od wrze\u015bnia ubieg\u0142ego roku, kt\u00f3ry stanowi jedn\u0105 z g\u0142\u00f3wnych inwestycji firmy, kt\u00f3ra w ci\u0105gu ostatnich pi\u0119ciu lat osi\u0105gn\u0119\u0142a 35 milion\u00f3w, co stanowi ponad 10% obrotu.<\/strong>[\/vc_column_text][\/vc_column][\/vc_row][vc_row][vc_column align=\"center\" align_sm=\"center\" width=\"1\/3\"][vc_single_image image=\"23951\"][\/vc_column][vc_column width=\"1\/3\"][vc_single_image image=\"23955\"][\/vc_column][vc_column width=\"1\/3\"][vc_single_image image=\"23959\"][\/vc_column][\/vc_row][vc_row][vc_column][vc_column_text extra_classes=\"lead text-justify\"]<strong>Wizyta, kt\u00f3ra zamiast celebrowa\u0107 przesz\u0142o\u015b\u0107, mia\u0142a na celu wytyczenie kierunk\u00f3w przysz\u0142ego rozwoju Fapim we W\u0142oszech i na \u015bwiecie.\r\n<\/strong>[\/vc_column_text][\/vc_column][\/vc_row][vc_row][vc_column align=\"center\" align_sm=\"center\" width=\"1\/3\"][vc_single_image image=\"23952\"][\/vc_column][vc_column width=\"1\/3\"][vc_single_image image=\"23956\"][\/vc_column][vc_column width=\"1\/3\"][vc_single_image image=\"23960\"][\/vc_column][\/vc_row][vc_row][vc_column][vc_column_text extra_classes=\"lead text-justify\"]<strong>Idealnym zako\u0144czeniem obchod\u00f3w by\u0142a kolacja po\u015bwi\u0119cona 500 pracownikom, kt\u00f3ra odby\u0142a si\u0119 w jednej z najbardziej sugestywnych budowli w Lukce, Real Collegio, podczas wieczoru ubranego w barwy firmy w ramach wydarzenia po\u015bwi\u0119conego rodzinie Fapim, zjednoczonej i sp\u00f3jnie od 50 lat, aby jak najlepiej sprosta\u0107 wyzwaniom wzrostu oraz zr\u00f3wnowa\u017conego rozwoju spo\u0142ecznego i \u015brodowiskowego, kt\u00f3re zawsze wyr\u00f3\u017cnia\u0142y toska\u0144sk\u0105 firm\u0119.<\/strong>[\/vc_column_text][\/vc_column][\/vc_row][vc_row][vc_column width=\"1\/1\"][vc_single_image image=\"23793\"][\/vc_column][\/vc_row]"},"excerpt":{"rendered":"<p>Fapim z Altopascio, firmy produkuj\u0105cej akcesoria do okien i drzwi, zatrudniaj\u0105cej 500 pracownik\u00f3w i osi\u0105gaj\u0105cej obr\u00f3t w wysoko\u015bci 57 milion\u00f3w euro w 2023 r., kt\u00f3ra eksportuje na ca\u0142y \u015bwiat ponad 90% swojej w 100% wyprodukowanej we W\u0142oszech produkcji, zako\u0144czy\u0142 obchody pi\u0119\u0107dziesi\u0119ciu lat dzia\u0142alno\u015bci.<\/p>\n","protected":false,"raw":"Fapim z Altopascio, firmy produkuj\u0105cej akcesoria do okien i drzwi, zatrudniaj\u0105cej 500 pracownik\u00f3w i osi\u0105gaj\u0105cej obr\u00f3t w wysoko\u015bci 57 milion\u00f3w euro w 2023 r., kt\u00f3ra eksportuje na ca\u0142y \u015bwiat ponad 90% swojej w 100% wyprodukowanej we W\u0142oszech produkcji, zako\u0144czy\u0142 obchody pi\u0119\u0107dziesi\u0119ciu lat dzia\u0142alno\u015bci."},"author":4,"featured_media":23966,"comment_status":"open","ping_status":"open","sticky":false,"template":"","format":"standard","meta":{"_it_post_content":"[vc_row][vc_column][vc_column_text extra_classes=\"lead text-justify\"]<strong>Fapim di Altopascio, l\u2019azienda di accessori per serramenti con 500 dipendenti e un fatturato di 57 milioni di euro nel 2023 che esporta nel mondo oltre il 90% della sua produzione 100% made in Italy, ha concluso negli scorsi giorni le celebrazioni per i cinquant\u2019anni di attivit\u00e0.<\/strong>[\/vc_column_text][vc_video src=\"https:\/\/youtu.be\/ljdk60SBcE4?si=jtY2wV8d2ITDN-5_\"][\/vc_column][\/vc_row][vc_row][vc_column][vc_column_text extra_classes=\"lead text-justify\"]<strong>Per questo importante traguardo dall\u20198 al 13 luglio sono giunti ad Altopascio non solo tutti gli agenti commerciali da Francia, Polonia, Belgio, Stati Uniti, Spagna, Grecia, Uk, Russia, Balcani e Argentina ma anche i principali clienti da tutta Italia e da altri dodici Paesi.<\/strong>[\/vc_column_text][\/vc_column][\/vc_row][vc_row][vc_column align=\"center\" align_sm=\"center\" width=\"1\/3\"][vc_single_image image=\"23950\"][\/vc_column][vc_column width=\"1\/3\"][vc_single_image image=\"23954\"][\/vc_column][vc_column width=\"1\/3\"][vc_single_image image=\"23958\"][\/vc_column][\/vc_row][vc_row][vc_column][vc_column_text extra_classes=\"lead text-justify\"]<strong>Un grande traguardo iniziato grazie alla visione e alla tenacia dei tre soci fondatori - Paolo Bellandi (scomparso nel 2015), Lido Bendinelli e Sergio Pacini \u2013 e oggi portato avanti dalla seconda generazione, insieme a Bendinelli e Pacini.<\/strong>[\/vc_column_text][\/vc_column][\/vc_row][vc_row][vc_column align=\"center\" align_sm=\"center\" width=\"1\/3\"][vc_single_image image=\"23953\"][\/vc_column][vc_column width=\"1\/3\"][vc_single_image image=\"23957\"][\/vc_column][vc_column width=\"1\/3\"][vc_single_image image=\"23961\"][\/vc_column][\/vc_row][vc_row][vc_column][vc_column_text extra_classes=\"lead text-justify\"]<strong>Il programma prevedeva una visita ai due stabilimenti di Via delle Cerbaie e Spianate di Altopascio, dove avviene il 100% della produzione e da dove i prodotti partono per oltre 100 Paesi nel mondo.<\/strong>[\/vc_column_text][\/vc_column][\/vc_row][vc_row][vc_column align=\"center\" align_sm=\"center\" width=\"1\/3\"][vc_single_image image=\"23979\" image_size=\"large\"][\/vc_column][vc_column width=\"1\/3\"][vc_single_image image=\"23972\"][\/vc_column][vc_column width=\"1\/3\"][vc_single_image image=\"23973\"][\/vc_column][\/vc_row][vc_row][vc_column][vc_column_text extra_classes=\"lead text-justify\"]<strong>Al centro delle visite il nuovo magazzino automatico, attivo dal settembre scorso, che rappresenta uno dei principali investimenti aziendali, che negli ultimi cinque anni hanno toccato i 35 milioni, oltre il 10% del fatturato.<\/strong>[\/vc_column_text][\/vc_column][\/vc_row][vc_row][vc_column align=\"center\" align_sm=\"center\" width=\"1\/3\"][vc_single_image image=\"23951\"][\/vc_column][vc_column width=\"1\/3\"][vc_single_image image=\"23955\"][\/vc_column][vc_column width=\"1\/3\"][vc_single_image image=\"23959\"][\/vc_column][\/vc_row][vc_row][vc_column][vc_column_text extra_classes=\"lead text-justify\"]<strong>Una visita che pi\u00f9 che celebrare il passato ha avuto lo scopo di tracciare le linee per lo sviluppo futuro di Fapim, in Italia e nel mondo.<\/strong>[\/vc_column_text][\/vc_column][\/vc_row][vc_row][vc_column align=\"center\" align_sm=\"center\" width=\"1\/3\"][vc_single_image image=\"23952\"][\/vc_column][vc_column width=\"1\/3\"][vc_single_image image=\"23956\"][\/vc_column][vc_column width=\"1\/3\"][vc_single_image image=\"23960\"][\/vc_column][\/vc_row][vc_row][vc_column][vc_column_text extra_classes=\"lead text-justify\"]<strong>Ideale conclusione delle celebrazioni la cena dedicata ai 500 dipendenti che si \u00e8 tenuta in una delle pi\u00f9 suggestive strutture lucchesi, il Real Collegio, per una sera vestito con i colori aziendali per un evento dedicato alla famiglia Fapim, da 50 anni unita e coesa per affrontare al meglio le sfide di crescita e sostenibilit\u00e0 sociale e ambientale che da sempre contraddistinguono l\u2019azienda toscana.<\/strong>[\/vc_column_text][\/vc_column][\/vc_row][vc_row][vc_column width=\"1\/1\"][vc_single_image image=\"23793\"][\/vc_column][\/vc_row]","_it_post_name":"celebrazioni-50-anni-fapim-clienti-da-dodici-paesi-ed-evento-per-i-500-dipendenti-2","_it_post_excerpt":"Fapim di Altopascio, l\u2019azienda di accessori per serramenti con 500 dipendenti e un fatturato di 57 milioni di euro nel 2023 che esporta nel mondo oltre il 90% della sua produzione 100% made in Italy, ha concluso negli scorsi giorni le celebrazioni per i cinquant\u2019anni di attivit\u00e0.","_it_post_title":"50 ANNI FAPIM","_en_post_content":"[vc_row][vc_column][vc_column_text extra_classes=\"lead text-justify\"]<strong>Fapim of Altopascio, the company manufacturing \u00a0window and door accessories, with 500 employees and a 2023 turnover of 57 million euros, \u00a0which exports worldwide over 90% of its 100% made in Italy production, concluded the celebrations for the fifty years of activity.<\/strong>[\/vc_column_text][vc_video src=\"https:\/\/youtu.be\/ljdk60SBcE4?si=jtY2wV8d2ITDN-5_\"][\/vc_column][\/vc_row][vc_row][vc_column][vc_column_text extra_classes=\"lead text-justify\"]<strong>To celebrate this important achievement, from 8 to 13 July, not only all the sales agents from France, Poland, Belgium, the United States, Spain, Greece, the UK , Russia, the Balkans and Argentina came to Altopascio but also the main customers from all over Italy and from twelve other countries.<\/strong>[\/vc_column_text][\/vc_column][\/vc_row][vc_row][vc_column align=\"center\" align_sm=\"center\" width=\"1\/3\"][vc_single_image image=\"23950\"][\/vc_column][vc_column width=\"1\/3\"][vc_single_image image=\"23954\"][\/vc_column][vc_column width=\"1\/3\"][vc_single_image image=\"23958\"][\/vc_column][\/vc_row][vc_row][vc_column][vc_column_text extra_classes=\"lead text-justify\"]<strong>A great achievement that began thanks to the vision and tenacity of the three founding members - Paolo Bellandi (who passed away in 2015), Lido Bendinelli and Sergio Pacini - and today carried forward by the second generation, together with Bendinelli and Pacini.<\/strong>[\/vc_column_text][\/vc_column][\/vc_row][vc_row][vc_column align=\"center\" align_sm=\"center\" width=\"1\/3\"][vc_single_image image=\"23953\"][\/vc_column][vc_column width=\"1\/3\"][vc_single_image image=\"23957\"][\/vc_column][vc_column width=\"1\/3\"][vc_single_image image=\"23961\"][\/vc_column][\/vc_row][vc_row][vc_column][vc_column_text extra_classes=\"lead text-justify\"]<strong>The program included a visit to the two factories in Via delle Cerbaie and Spianate in Altopascio, where 100% of the production takes place and from where the products leave for over 100 countries around the world.<\/strong>[\/vc_column_text][\/vc_column][\/vc_row][vc_row][vc_column align=\"center\" align_sm=\"center\" width=\"1\/3\"][vc_single_image image=\"23979\" image_size=\"large\"][\/vc_column][vc_column width=\"1\/3\"][vc_single_image image=\"23972\"][\/vc_column][vc_column width=\"1\/3\"][vc_single_image image=\"23973\"][\/vc_column][\/vc_row][vc_row][vc_column][vc_column_text extra_classes=\"lead text-justify\"]<strong>At the center of the visits is the new automatic warehouse, active since last September, which represents one of the main company investments, which in the last five years have reached 35 million, more than 10% of the turnover<\/strong>.[\/vc_column_text][\/vc_column][\/vc_row][vc_row][vc_column align=\"center\" align_sm=\"center\" width=\"1\/3\"][vc_single_image image=\"23951\"][\/vc_column][vc_column width=\"1\/3\"][vc_single_image image=\"23955\"][\/vc_column][vc_column width=\"1\/3\"][vc_single_image image=\"23959\"][\/vc_column][\/vc_row][vc_row][vc_column][vc_column_text extra_classes=\"lead text-justify\"]<strong>A visit which, rather than celebrating the past, had the aim of tracing the lines for the future development of Fapim , in Italy and in the world.<\/strong>[\/vc_column_text][\/vc_column][\/vc_row][vc_row][vc_column align=\"center\" align_sm=\"center\" width=\"1\/3\"][vc_single_image image=\"23952\"][\/vc_column][vc_column width=\"1\/3\"][vc_single_image image=\"23956\"][\/vc_column][vc_column width=\"1\/3\"][vc_single_image image=\"23960\"][\/vc_column][\/vc_row][vc_row][vc_column][vc_column_text extra_classes=\"lead text-justify\"]<strong>The ideal conclusion of the celebrations was the dinner dedicated to the 500 employees and which was held in one of the most evocative structures in Lucca, the Real Collegio dressed, for an evening, in the company colors for an event dedicated to the Fapim family, united and cohesive for 50 years to best face the challenges of growth and social and environmental sustainability that have always distinguished the Tuscan company.<\/strong>[\/vc_column_text][\/vc_column][\/vc_row][vc_row][vc_column width=\"1\/1\"][vc_single_image image=\"23793\"][\/vc_column][\/vc_row]","_en_post_name":"celebrations-50-years-of-fapim-customers-from-twelve-countries-and-event-for-500-employees","_en_post_excerpt":"Fapim of Altopascio, the company manufacturing \u00a0window and door accessories, with 500 employees and a 2023 turnover of 57 million euros, \u00a0which exports worldwide over 90% of its 100% made in Italy production, concluded the celebrations for the fifty years of activity.","_en_post_title":"50 YEARS OF FAPIM","_fr_post_content":"[vc_row][vc_column][vc_column_text extra_classes=\"lead text-justify\"]<strong>Fapim \u00e0 Altopascio, l'entreprise d'accessoires pour fen\u00eatres et portes avec 500 employ\u00e9s et un chiffre d'affaires de 57 millions d'euros en 2023 qui exporte dans le monde entier plus de 90% de sa production 100% made in Italy , a conclu les c\u00e9l\u00e9brations des cinquante ans d'activit\u00e9.<\/strong>[\/vc_column_text][vc_video src=\"https:\/\/youtu.be\/ljdk60SBcE4?si=jtY2wV8d2ITDN-5_\"][\/vc_column][\/vc_row][vc_row][vc_column][vc_column_text extra_classes=\"lead text-justify\"]<strong>Pour cette \u00e9tape importante, du 8 au 13 juillet, tous les agents commerciaux de France, Pologne, Belgique, \u00c9tats-Unis, Espagne, Gr\u00e8ce, Grande-Bretagne , Russie, Balkans et Argentine sont venus \u00e0 Altopascio, mais aussi les principaux clients de tous les pays, sur l'Italie et depuis douze autres pays.<\/strong>[\/vc_column_text][\/vc_column][\/vc_row][vc_row][vc_column align=\"center\" align_sm=\"center\" width=\"1\/3\"][vc_single_image image=\"23950\"][\/vc_column][vc_column width=\"1\/3\"][vc_single_image image=\"23954\"][\/vc_column][vc_column width=\"1\/3\"][vc_single_image image=\"23958\"][\/vc_column][\/vc_row][vc_row][vc_column][vc_column_text extra_classes=\"lead text-justify\"]<strong>Une grande r\u00e9ussite qui a commenc\u00e9 gr\u00e2ce \u00e0 la vision et \u00e0 la t\u00e9nacit\u00e9 des trois membres fondateurs - Paolo Bellandi (d\u00e9c\u00e9d\u00e9 en 2015), Lido Bendinelli et Sergio Pacini - et aujourd'hui poursuivie par la deuxi\u00e8me g\u00e9n\u00e9ration, aux c\u00f4t\u00e9s de Bendinelli et Pacini.<\/strong>[\/vc_column_text][\/vc_column][\/vc_row][vc_row][vc_column align=\"center\" align_sm=\"center\" width=\"1\/3\"][vc_single_image image=\"23953\"][\/vc_column][vc_column width=\"1\/3\"][vc_single_image image=\"23957\"][\/vc_column][vc_column width=\"1\/3\"][vc_single_image image=\"23961\"][\/vc_column][\/vc_row][vc_row][vc_column][vc_column_text extra_classes=\"lead text-justify\"]<strong>Le programme comprenait une visite des deux usines de Altopascio et Spianate, o\u00f9 a lieu 100% de la production et d'o\u00f9 partent les produits vers plus de 100 pays \u00e0 travers le monde.<\/strong>[\/vc_column_text][\/vc_column][\/vc_row][vc_row][vc_column align=\"center\" align_sm=\"center\" width=\"1\/3\"][vc_single_image image=\"23979\" image_size=\"large\"][\/vc_column][vc_column width=\"1\/3\"][vc_single_image image=\"23972\"][\/vc_column][vc_column width=\"1\/3\"][vc_single_image image=\"23973\"][\/vc_column][\/vc_row][vc_row][vc_column][vc_column_text extra_classes=\"lead text-justify\"]<strong>Au centre des visites il y avait le nouvel entrep\u00f4t automatique, actif depuis septembre dernier, qui repr\u00e9sente l'un des principaux investissements de l'entreprise, qui au cours des cinq derni\u00e8res ann\u00e9es ont atteint 35 millions, soit plus de 10% du chiffre d'affaires.<\/strong>[\/vc_column_text][\/vc_column][\/vc_row][vc_row][vc_column align=\"center\" align_sm=\"center\" width=\"1\/3\"][vc_single_image image=\"23951\"][\/vc_column][vc_column width=\"1\/3\"][vc_single_image image=\"23955\"][\/vc_column][vc_column width=\"1\/3\"][vc_single_image image=\"23959\"][\/vc_column][\/vc_row][vc_row][vc_column][vc_column_text extra_classes=\"lead text-justify\"]<strong>Une visite qui, plut\u00f4t que de c\u00e9l\u00e9brer le pass\u00e9, avait pour but de tracer les lignes du d\u00e9veloppement futur de Fapim , en Italie et dans le monde.<\/strong>[\/vc_column_text][\/vc_column][\/vc_row][vc_row][vc_column align=\"center\" align_sm=\"center\" width=\"1\/3\"][vc_single_image image=\"23952\"][\/vc_column][vc_column width=\"1\/3\"][vc_single_image image=\"23956\"][\/vc_column][vc_column width=\"1\/3\"][vc_single_image image=\"23960\"][\/vc_column][\/vc_row][vc_row][vc_column][vc_column_text extra_classes=\"lead text-justify\"]<strong>La conclusion id\u00e9ale des c\u00e9l\u00e9brations a \u00e9t\u00e9 le d\u00eener d\u00e9di\u00e9 aux 500 employ\u00e9s qui s'est d\u00e9roul\u00e9 dans l'une des structures les plus \u00e9vocatrices de Lucca, le Real Collegio, pour une soir\u00e9e habill\u00e9e aux couleurs de l'entreprise pour un \u00e9v\u00e9nement d\u00e9di\u00e9 \u00e0 la famille Fapim, unie et coh\u00e9sive depuis 50 ans pour affronter au mieux les d\u00e9fis de croissance et de durabilit\u00e9 sociale et environnementale qui ont toujours distingu\u00e9 l'entreprise toscane.<\/strong>[\/vc_column_text][\/vc_column][\/vc_row][vc_row][vc_column width=\"1\/1\"][vc_single_image image=\"23793\"][\/vc_column][\/vc_row]","_fr_post_name":"celebrations-des-50-ans-de-fapim-clients-de-douze-pays-et-evenement-pour-500-employes","_fr_post_excerpt":"Fapim \u00e0 Altopascio, l'entreprise d'accessoires pour fen\u00eatres et portes avec 500 employ\u00e9s et un chiffre d'affaires de 57 millions d'euros en 2023 qui exporte dans le monde entier plus de 90% de sa production 100% made in Italy , a conclu les c\u00e9l\u00e9brations des cinquante ans d'activit\u00e9.","_fr_post_title":"DES 50 ANS DE FAPIM","_es_post_content":"[vc_row][vc_column][vc_column_text extra_classes=\"lead text-justify\"]<strong>Fapim de Altopascio, la empresa de accesorios para carpinter\u00eda met\u00e1lica con 500 empleados y una facturaci\u00f3n de 57 millones de euros en 2023 que exporta a todo el mundo m\u00e1s del 90% de su producci\u00f3n 100% made in Italy, concluy\u00f3 las celebraciones de los cincuenta a\u00f1os de actividad.<\/strong>[\/vc_column_text][vc_video src=\"https:\/\/youtu.be\/ljdk60SBcE4?si=jtY2wV8d2ITDN-5_\"][\/vc_column][\/vc_row][vc_row][vc_column][vc_column_text extra_classes=\"lead text-justify\"]<strong>Para este importante logro, del 8 al 13 de julio acudieron a Altopascio no s\u00f3lo todos los agentes comerciales de Francia, Polonia, B\u00e9lgica, Estados Unidos, Espa\u00f1a, Grecia, Reino Unido, Rusia, los Balcanes y Argentina sino tambi\u00e9n los principales clientes \u00a0de Italia y de otros doce pa\u00edses.<\/strong>[\/vc_column_text][\/vc_column][\/vc_row][vc_row][vc_column align=\"center\" align_sm=\"center\" width=\"1\/3\"][vc_single_image image=\"23950\"][\/vc_column][vc_column width=\"1\/3\"][vc_single_image image=\"23954\"][\/vc_column][vc_column width=\"1\/3\"][vc_single_image image=\"23958\"][\/vc_column][\/vc_row][vc_row][vc_column][vc_column_text extra_classes=\"lead text-justify\"]<strong>Un gran exito que comenz\u00f3 gracias a la visi\u00f3n y la tenacidad de los tres miembros fundadores - Paolo Bellandi (fallecido en 2015), Lido Bendinelli y Sergio Pacini - y hoy contin\u00faa por la segunda generaci\u00f3n, junto con Bendinelli y Pacini.<\/strong>[\/vc_column_text][\/vc_column][\/vc_row][vc_row][vc_column align=\"center\" align_sm=\"center\" width=\"1\/3\"][vc_single_image image=\"23953\"][\/vc_column][vc_column width=\"1\/3\"][vc_single_image image=\"23957\"][\/vc_column][vc_column width=\"1\/3\"][vc_single_image image=\"23961\"][\/vc_column][\/vc_row][vc_row][vc_column][vc_column_text extra_classes=\"lead text-justify\"]<strong>El programa incluy\u00f3 una visita a las dos f\u00e1bricas de Via delle Cerbaie y de Spianate di Altopascio, donde se fabrica el 100% de la producci\u00f3n y desde donde salen los productos hacia m\u00e1s de 100 pa\u00edses de todo el mundo.<\/strong>[\/vc_column_text][\/vc_column][\/vc_row][vc_row][vc_column align=\"center\" align_sm=\"center\" width=\"1\/3\"][vc_single_image image=\"23979\" image_size=\"large\"][\/vc_column][vc_column width=\"1\/3\"][vc_single_image image=\"23972\"][\/vc_column][vc_column width=\"1\/3\"][vc_single_image image=\"23973\"][\/vc_column][\/vc_row][vc_row][vc_column][vc_column_text extra_classes=\"lead text-justify\"]<strong>Punto central \u00a0de las visitas es el nuevo almac\u00e9n autom\u00e1tico, activo desde el pasado mes de septiembre, que representa una de las principales inversiones de la compa\u00f1\u00eda, que en los \u00faltimos cinco a\u00f1os han alcanzado los 35 millones, m\u00e1s del 10% de la facturaci\u00f3n.<\/strong>[\/vc_column_text][\/vc_column][\/vc_row][vc_row][vc_column align=\"center\" align_sm=\"center\" width=\"1\/3\"][vc_single_image image=\"23951\"][\/vc_column][vc_column width=\"1\/3\"][vc_single_image image=\"23955\"][\/vc_column][vc_column width=\"1\/3\"][vc_single_image image=\"23959\"][\/vc_column][\/vc_row][vc_row][vc_column][vc_column_text extra_classes=\"lead text-justify\"]<strong>Una visita que, m\u00e1s que celebrar el pasado, ten\u00eda como objetivo trazar las l\u00edneas del futuro desarrollo de Fapim, en Italia y en el mundo.<\/strong>[\/vc_column_text][\/vc_column][\/vc_row][vc_row][vc_column align=\"center\" align_sm=\"center\" width=\"1\/3\"][vc_single_image image=\"23952\"][\/vc_column][vc_column width=\"1\/3\"][vc_single_image image=\"23956\"][\/vc_column][vc_column width=\"1\/3\"][vc_single_image image=\"23960\"][\/vc_column][\/vc_row][vc_row][vc_column][vc_column_text extra_classes=\"lead text-justify\"]<strong>El cierre ideal de las celebraciones fue la cena dedicada a los 500 empleados que se celebr\u00f3 en una de las estructuras m\u00e1s evocadoras de Lucca, el Real Collegio, para una noche vestida con los colores de la empresa en un evento dedicado a la familia Fapim, unida y cohesionados desde hace 50 a\u00f1os para afrontar mejor los desaf\u00edos de crecimiento y sostenibilidad social y ambiental que siempre han distinguido a la empresa toscana.<\/strong>[\/vc_column_text][\/vc_column][\/vc_row][vc_row][vc_column width=\"1\/1\"][vc_single_image image=\"23793\"][\/vc_column][\/vc_row]","_es_post_name":"celebraciones-50-anos-de-fapim-clientes-de-doce-paises-y-evento-para-500-empleados","_es_post_excerpt":"Fapim de Altopascio, la empresa de accesorios para carpinter\u00eda met\u00e1lica con 500 empleados y una facturaci\u00f3n de 57 millones de euros en 2023 que exporta a todo el mundo m\u00e1s del 90% de su producci\u00f3n 100% made in Italy, concluy\u00f3 las celebraciones de los cincuenta a\u00f1os de actividad.","_es_post_title":"50 A\u00d1OS DE FAPIM","_ru_post_content":"[vc_row][vc_column][vc_column_text extra_classes=\"lead text-justify\"]<strong>Fapim of Altopascio, \u043a\u043e\u043c\u043f\u0430\u043d\u0438\u044f \u043f\u043e \u043f\u0440\u043e\u0438\u0437\u0432\u043e\u0434\u0441\u0442\u0432\u0443 \u043e\u043a\u043e\u043d\u043d\u044b\u0445 \u0438 \u0434\u0432\u0435\u0440\u043d\u044b\u0445 \u0430\u043a\u0441\u0435\u0441\u0441\u0443\u0430\u0440\u043e\u0432 \u0441 500 \u0441\u043e\u0442\u0440\u0443\u0434\u043d\u0438\u043a\u0430\u043c\u0438 \u0438 \u043e\u0431\u043e\u0440\u043e\u0442\u043e\u043c 57 \u043c\u0438\u043b\u043b\u0438\u043e\u043d\u043e\u0432 \u0435\u0432\u0440\u043e \u0432 2023 \u0433\u043e\u0434\u0443, \u043a\u043e\u0442\u043e\u0440\u0430\u044f \u044d\u043a\u0441\u043f\u043e\u0440\u0442\u0438\u0440\u0443\u0435\u0442 \u0431\u043e\u043b\u0435\u0435 90% \u0441\u0432\u043e\u0435\u0439 100% \u043f\u0440\u043e\u0438\u0437\u0432\u0435\u0434\u0435\u043d\u043d\u043e\u0439 \u0432 \u0418\u0442\u0430\u043b\u0438\u0438 \u043f\u0440\u043e\u0434\u0443\u043a\u0446\u0438\u0438 \u043f\u043e \u0432\u0441\u0435\u043c\u0443 \u043c\u0438\u0440\u0443, \u0437\u0430\u0432\u0435\u0440\u0448\u0438\u043b\u0430 \u043f\u0440\u0430\u0437\u0434\u043d\u043e\u0432\u0430\u043d\u0438\u0435 \u043f\u044f\u0442\u0438\u0434\u0435\u0441\u044f\u0442\u0438\u043b\u0435\u0442\u0438\u044f \u0441\u0432\u043e\u0435\u0439 \u0434\u0435\u044f\u0442\u0435\u043b\u044c\u043d\u043e\u0441\u0442\u0438.<\/strong>[\/vc_column_text][vc_video src=\"https:\/\/youtu.be\/ljdk60SBcE4?si=jtY2wV8d2ITDN-5_\"][\/vc_column][\/vc_row][vc_row][vc_column][vc_column_text extra_classes=\"lead text-justify\"]<strong>\u041f\u043e \u0441\u043b\u0443\u0447\u0430\u044e \u044d\u0442\u043e\u0433\u043e \u0432\u0430\u0436\u043d\u043e\u0433\u043e \u0441\u043e\u0431\u044b\u0442\u0438\u044f \u0441 8 \u043f\u043e 13 \u0438\u044e\u043b\u044f \u0432 \u0410\u043b\u044c\u0442\u043e\u043f\u0430\u0448\u0438\u043e \u043f\u0440\u0438\u0435\u0445\u0430\u043b\u0438 \u043d\u0435 \u0442\u043e\u043b\u044c\u043a\u043e \u0432\u0441\u0435 \u043a\u043e\u043c\u043c\u0435\u0440\u0447\u0435\u0441\u043a\u0438\u0435 \u0430\u0433\u0435\u043d\u0442\u044b \u0438\u0437 \u0424\u0440\u0430\u043d\u0446\u0438\u0438, \u041f\u043e\u043b\u044c\u0448\u0438, \u0411\u0435\u043b\u044c\u0433\u0438\u0438, \u0421\u0428\u0410, \u0418\u0441\u043f\u0430\u043d\u0438\u0438, \u0413\u0440\u0435\u0446\u0438\u0438, \u0412\u0435\u043b\u0438\u043a\u043e\u0431\u0440\u0438\u0442\u0430\u043d\u0438\u0438, \u0420\u043e\u0441\u0441\u0438\u0438, \u0411\u0430\u043b\u043a\u0430\u043d \u0438 \u0410\u0440\u0433\u0435\u043d\u0442\u0438\u043d\u044b, \u043d\u043e \u0438 \u043e\u0441\u043d\u043e\u0432\u043d\u044b\u0435 \u043a\u043b\u0438\u0435\u043d\u0442\u044b \u0441\u043e \u0432\u0441\u0435\u0445 \u043a\u043e\u043d\u0446\u043e\u0432 \u0441\u0442\u0440\u0430\u043d\u044b. \u043d\u0430\u0434 \u0418\u0442\u0430\u043b\u0438\u0435\u0439 \u0438 \u0438\u0437 \u0434\u0432\u0435\u043d\u0430\u0434\u0446\u0430\u0442\u0438 \u0434\u0440\u0443\u0433\u0438\u0445 \u0441\u0442\u0440\u0430\u043d.<\/strong>[\/vc_column_text][\/vc_column][\/vc_row][vc_row][vc_column align=\"center\" align_sm=\"center\" width=\"1\/3\"][vc_single_image image=\"23950\"][\/vc_column][vc_column width=\"1\/3\"][vc_single_image image=\"23954\"][\/vc_column][vc_column width=\"1\/3\"][vc_single_image image=\"23958\"][\/vc_column][\/vc_row][vc_row][vc_column][vc_column_text extra_classes=\"lead text-justify\"]<strong>\u0412\u0435\u043b\u0438\u043a\u043e\u0435 \u0434\u043e\u0441\u0442\u0438\u0436\u0435\u043d\u0438\u0435, \u043a\u043e\u0442\u043e\u0440\u043e\u0435 \u043d\u0430\u0447\u0430\u043b\u043e\u0441\u044c \u0431\u043b\u0430\u0433\u043e\u0434\u0430\u0440\u044f \u0434\u0430\u043b\u044c\u043d\u043e\u0432\u0438\u0434\u043d\u043e\u0441\u0442\u0438 \u0438 \u0443\u043f\u043e\u0440\u0441\u0442\u0432\u0443 \u0442\u0440\u0435\u0445 \u0447\u043b\u0435\u043d\u043e\u0432-\u043e\u0441\u043d\u043e\u0432\u0430\u0442\u0435\u043b\u0435\u0439 \u2013 \u041f\u0430\u043e\u043b\u043e \u0411\u0435\u043b\u043b\u0430\u043d\u0434\u0438 (\u0443\u043c\u0435\u0440\u0448\u0435\u0433\u043e \u0432 2015 \u0433\u043e\u0434\u0443), \u041b\u0438\u0434\u043e \u0411\u0435\u043d\u0434\u0438\u043d\u0435\u043b\u043b\u0438 \u0438 \u0421\u0435\u0440\u0434\u0436\u0438\u043e \u041f\u0430\u0447\u0438\u043d\u0438 \u2013 \u0438 \u0441\u0435\u0433\u043e\u0434\u043d\u044f \u043f\u0440\u043e\u0434\u043e\u043b\u0436\u0430\u0435\u0442\u0441\u044f \u0432\u0442\u043e\u0440\u044b\u043c \u043f\u043e\u043a\u043e\u043b\u0435\u043d\u0438\u0435\u043c \u0432\u043c\u0435\u0441\u0442\u0435 \u0441 \u0411\u0435\u043d\u0434\u0438\u043d\u0435\u043b\u043b\u0438 \u0438 \u041f\u0430\u0447\u0438\u043d\u0438.<\/strong>[\/vc_column_text][\/vc_column][\/vc_row][vc_row][vc_column align=\"center\" align_sm=\"center\" width=\"1\/3\"][vc_single_image image=\"23953\"][\/vc_column][vc_column width=\"1\/3\"][vc_single_image image=\"23957\"][\/vc_column][vc_column width=\"1\/3\"][vc_single_image image=\"23961\"][\/vc_column][\/vc_row][vc_row][vc_column][vc_column_text extra_classes=\"lead text-justify\"]<strong>\u0412 \u043f\u0440\u043e\u0433\u0440\u0430\u043c\u043c\u0443 \u0432\u0445\u043e\u0434\u0438\u043b\u043e \u043f\u043e\u0441\u0435\u0449\u0435\u043d\u0438\u0435 \u0434\u0432\u0443\u0445 \u0437\u0430\u0432\u043e\u0434\u043e\u0432 \u043d\u0430 \u0412\u0438\u0430 \u0434\u0435\u043b\u043b\u0435 \u0427\u0435\u0440\u0431\u0430\u0435 \u0438 \u0421\u043f\u0438\u0430\u043d\u0430\u0442\u0435 \u0434\u0438 \u0410\u043b\u044c\u0442\u043e\u043f\u0430\u0448\u043e, \u0433\u0434\u0435 \u043e\u0441\u0443\u0449\u0435\u0441\u0442\u0432\u043b\u044f\u0435\u0442\u0441\u044f 100% \u043f\u0440\u043e\u0438\u0437\u0432\u043e\u0434\u0441\u0442\u0432\u0430 \u0438 \u043e\u0442\u043a\u0443\u0434\u0430 \u043f\u0440\u043e\u0434\u0443\u043a\u0446\u0438\u044f \u043e\u0442\u043f\u0440\u0430\u0432\u043b\u044f\u0435\u0442\u0441\u044f \u0432 \u0431\u043e\u043b\u0435\u0435 \u0447\u0435\u043c 100 \u0441\u0442\u0440\u0430\u043d \u043c\u0438\u0440\u0430.<\/strong>[\/vc_column_text][\/vc_column][\/vc_row][vc_row][vc_column align=\"center\" align_sm=\"center\" width=\"1\/3\"][vc_single_image image=\"23979\" image_size=\"large\"][\/vc_column][vc_column width=\"1\/3\"][vc_single_image image=\"23972\"][\/vc_column][vc_column width=\"1\/3\"][vc_single_image image=\"23973\"][\/vc_column][\/vc_row][vc_row][vc_column][vc_column_text extra_classes=\"lead text-justify\"]<strong>\u0412 \u0446\u0435\u043d\u0442\u0440\u0435 \u043f\u043e\u0441\u0435\u0449\u0435\u043d\u0438\u0439 \u043d\u0430\u0445\u043e\u0434\u0438\u0442\u0441\u044f \u043d\u043e\u0432\u044b\u0439 \u0430\u0432\u0442\u043e\u043c\u0430\u0442\u0438\u0447\u0435\u0441\u043a\u0438\u0439 \u0441\u043a\u043b\u0430\u0434, \u0434\u0435\u0439\u0441\u0442\u0432\u0443\u044e\u0449\u0438\u0439 \u0441 \u0441\u0435\u043d\u0442\u044f\u0431\u0440\u044f \u043f\u0440\u043e\u0448\u043b\u043e\u0433\u043e \u0433\u043e\u0434\u0430, \u043a\u043e\u0442\u043e\u0440\u044b\u0439 \u043f\u0440\u0435\u0434\u0441\u0442\u0430\u0432\u043b\u044f\u0435\u0442 \u0441\u043e\u0431\u043e\u0439 \u043e\u0434\u043d\u0443 \u0438\u0437 \u043e\u0441\u043d\u043e\u0432\u043d\u044b\u0445 \u0438\u043d\u0432\u0435\u0441\u0442\u0438\u0446\u0438\u0439 \u043a\u043e\u043c\u043f\u0430\u043d\u0438\u0438, \u043a\u043e\u0442\u043e\u0440\u0430\u044f \u0437\u0430 \u043f\u043e\u0441\u043b\u0435\u0434\u043d\u0438\u0435 \u043f\u044f\u0442\u044c \u043b\u0435\u0442 \u0434\u043e\u0441\u0442\u0438\u0433\u043b\u0430 35 \u043c\u0438\u043b\u043b\u0438\u043e\u043d\u043e\u0432, \u0447\u0442\u043e \u0441\u043e\u0441\u0442\u0430\u0432\u043b\u044f\u0435\u0442 \u0431\u043e\u043b\u0435\u0435 10% \u043e\u0431\u043e\u0440\u043e\u0442\u0430.<\/strong>[\/vc_column_text][\/vc_column][\/vc_row][vc_row][vc_column align=\"center\" align_sm=\"center\" width=\"1\/3\"][vc_single_image image=\"23951\"][\/vc_column][vc_column width=\"1\/3\"][vc_single_image image=\"23955\"][\/vc_column][vc_column width=\"1\/3\"][vc_single_image image=\"23959\"][\/vc_column][\/vc_row][vc_row][vc_column][vc_column_text extra_classes=\"lead text-justify\"]<strong>\u0426\u0435\u043b\u044c\u044e \u0432\u0438\u0437\u0438\u0442\u0430 \u0431\u044b\u043b\u043e \u043d\u0435 \u043f\u0440\u043e\u0441\u043b\u0430\u0432\u043b\u0435\u043d\u0438\u0435 \u043f\u0440\u043e\u0448\u043b\u043e\u0433\u043e, \u0430 \u043f\u0440\u043e\u0441\u043b\u0435\u0436\u0438\u0432\u0430\u043d\u0438\u0435 \u043f\u0443\u0442\u0435\u0439 \u0431\u0443\u0434\u0443\u0449\u0435\u0433\u043e \u0440\u0430\u0437\u0432\u0438\u0442\u0438\u044f Fapim \u0432 \u0418\u0442\u0430\u043b\u0438\u0438 \u0438 \u0432\u043e \u0432\u0441\u0435\u043c \u043c\u0438\u0440\u0435.\r\n<\/strong>[\/vc_column_text][\/vc_column][\/vc_row][vc_row][vc_column align=\"center\" align_sm=\"center\" width=\"1\/3\"][vc_single_image image=\"23952\"][\/vc_column][vc_column width=\"1\/3\"][vc_single_image image=\"23956\"][\/vc_column][vc_column width=\"1\/3\"][vc_single_image image=\"23960\"][\/vc_column][\/vc_row][vc_row][vc_column][vc_column_text extra_classes=\"lead text-justify\"]<strong>\u0418\u0434\u0435\u0430\u043b\u044c\u043d\u044b\u043c \u0437\u0430\u0432\u0435\u0440\u0448\u0435\u043d\u0438\u0435\u043c \u0442\u043e\u0440\u0436\u0435\u0441\u0442\u0432\u0430 \u0441\u0442\u0430\u043b \u0443\u0436\u0438\u043d, \u043f\u043e\u0441\u0432\u044f\u0449\u0435\u043d\u043d\u044b\u0439 500 \u0441\u043e\u0442\u0440\u0443\u0434\u043d\u0438\u043a\u0430\u043c, \u043a\u043e\u0442\u043e\u0440\u044b\u0439 \u0441\u043e\u0441\u0442\u043e\u044f\u043b\u0441\u044f \u0432 \u043e\u0434\u043d\u043e\u043c \u0438\u0437 \u0441\u0430\u043c\u044b\u0445 \u0437\u0430\u043f\u043e\u043c\u0438\u043d\u0430\u044e\u0449\u0438\u0445\u0441\u044f \u0437\u0434\u0430\u043d\u0438\u0439 \u041b\u0443\u043a\u043a\u0438, Real Collegio, \u0430 \u0442\u0430\u043a\u0436\u0435 \u0432\u0435\u0447\u0435\u0440, \u043e\u0434\u0435\u0442\u044b\u0439 \u0432 \u0446\u0432\u0435\u0442\u0430 \u043a\u043e\u043c\u043f\u0430\u043d\u0438\u0438, \u0432 \u0447\u0435\u0441\u0442\u044c \u043c\u0435\u0440\u043e\u043f\u0440\u0438\u044f\u0442\u0438\u044f, \u043f\u043e\u0441\u0432\u044f\u0449\u0435\u043d\u043d\u043e\u0433\u043e \u0441\u0435\u043c\u044c\u0435 \u0424\u0430\u043f\u0438\u043c, \u0435\u0434\u0438\u043d\u043e\u0439 \u0438 \u0441\u043f\u043b\u043e\u0447\u0435\u043d\u043d\u0430\u044f \u043d\u0430 \u043f\u0440\u043e\u0442\u044f\u0436\u0435\u043d\u0438\u0438 50 \u043b\u0435\u0442, \u0447\u0442\u043e\u0431\u044b \u043d\u0430\u0438\u043b\u0443\u0447\u0448\u0438\u043c \u043e\u0431\u0440\u0430\u0437\u043e\u043c \u0440\u0435\u0448\u0430\u0442\u044c \u0437\u0430\u0434\u0430\u0447\u0438 \u0440\u043e\u0441\u0442\u0430, \u0441\u043e\u0446\u0438\u0430\u043b\u044c\u043d\u043e\u0439 \u0438 \u044d\u043a\u043e\u043b\u043e\u0433\u0438\u0447\u0435\u0441\u043a\u043e\u0439 \u0443\u0441\u0442\u043e\u0439\u0447\u0438\u0432\u043e\u0441\u0442\u0438, \u043a\u043e\u0442\u043e\u0440\u044b\u0435 \u0432\u0441\u0435\u0433\u0434\u0430 \u043e\u0442\u043b\u0438\u0447\u0430\u043b\u0438 \u0442\u043e\u0441\u043a\u0430\u043d\u0441\u043a\u0443\u044e \u043a\u043e\u043c\u043f\u0430\u043d\u0438\u044e.<\/strong>[\/vc_column_text][\/vc_column][\/vc_row][vc_row][vc_column width=\"1\/1\"][vc_single_image image=\"23793\"][\/vc_column][\/vc_row]","_ru_post_name":"prazdnovanie-50-letiya-fapim-klienty-iz-dvenadtsat-stran-i-meropriyatie-dlya-500-sotrudnikov","_ru_post_excerpt":"Fapim of Altopascio, \u043a\u043e\u043c\u043f\u0430\u043d\u0438\u044f \u043f\u043e \u043f\u0440\u043e\u0438\u0437\u0432\u043e\u0434\u0441\u0442\u0432\u0443 \u043e\u043a\u043e\u043d\u043d\u044b\u0445 \u0438 \u0434\u0432\u0435\u0440\u043d\u044b\u0445 \u0430\u043a\u0441\u0435\u0441\u0441\u0443\u0430\u0440\u043e\u0432 \u0441 500 \u0441\u043e\u0442\u0440\u0443\u0434\u043d\u0438\u043a\u0430\u043c\u0438 \u0438 \u043e\u0431\u043e\u0440\u043e\u0442\u043e\u043c 57 \u043c\u0438\u043b\u043b\u0438\u043e\u043d\u043e\u0432 \u0435\u0432\u0440\u043e \u0432 2023 \u0433\u043e\u0434\u0443, \u043a\u043e\u0442\u043e\u0440\u0430\u044f \u044d\u043a\u0441\u043f\u043e\u0440\u0442\u0438\u0440\u0443\u0435\u0442 \u0431\u043e\u043b\u0435\u0435 90% \u0441\u0432\u043e\u0435\u0439 100% \u043f\u0440\u043e\u0438\u0437\u0432\u0435\u0434\u0435\u043d\u043d\u043e\u0439 \u0432 \u0418\u0442\u0430\u043b\u0438\u0438 \u043f\u0440\u043e\u0434\u0443\u043a\u0446\u0438\u0438 \u043f\u043e \u0432\u0441\u0435\u043c\u0443 \u043c\u0438\u0440\u0443, \u0437\u0430\u0432\u0435\u0440\u0448\u0438\u043b\u0430 \u043f\u0440\u0430\u0437\u0434\u043d\u043e\u0432\u0430\u043d\u0438\u0435 \u043f\u044f\u0442\u0438\u0434\u0435\u0441\u044f\u0442\u0438\u043b\u0435\u0442\u0438\u044f \u0441\u0432\u043e\u0435\u0439 \u0434\u0435\u044f\u0442\u0435\u043b\u044c\u043d\u043e\u0441\u0442\u0438.","_ru_post_title":"50-\u041b\u0415\u0422\u0418\u042f FAPIM","_pl_post_content":"[vc_row][vc_column][vc_column_text extra_classes=\"lead text-justify\"]<strong>Fapim z Altopascio, firmy produkuj\u0105cej akcesoria do okien i drzwi, zatrudniaj\u0105cej 500 pracownik\u00f3w i osi\u0105gaj\u0105cej obr\u00f3t w wysoko\u015bci 57 milion\u00f3w euro w 2023 r., kt\u00f3ra eksportuje na ca\u0142y \u015bwiat ponad 90% swojej w 100% wyprodukowanej we W\u0142oszech produkcji, zako\u0144czy\u0142 obchody pi\u0119\u0107dziesi\u0119ciu lat dzia\u0142alno\u015bci.<\/strong>[\/vc_column_text][vc_video src=\"https:\/\/youtu.be\/ljdk60SBcE4?si=jtY2wV8d2ITDN-5_\"][\/vc_column][\/vc_row][vc_row][vc_column][vc_column_text extra_classes=\"lead text-justify\"]<strong>Z okazji tego wa\u017cnego wydarzenia w dniach 8\u201313 lipca do Altopascio przybyli nie tylko wszyscy agenci handlowi z Francji, Polski, Belgii, Stan\u00f3w Zjednoczonych, Hiszpanii, Grecji, Wielkiej Brytanii, Rosji, Ba\u0142kan\u00f3w i Argentyny, ale tak\u017ce g\u0142\u00f3wni klienci ze wszystkich nad W\u0142ochami i z dwunastu innych kraj\u00f3w.<\/strong>[\/vc_column_text][\/vc_column][\/vc_row][vc_row][vc_column align=\"center\" align_sm=\"center\" width=\"1\/3\"][vc_single_image image=\"23950\"][\/vc_column][vc_column width=\"1\/3\"][vc_single_image image=\"23954\"][\/vc_column][vc_column width=\"1\/3\"][vc_single_image image=\"23958\"][\/vc_column][\/vc_row][vc_row][vc_column][vc_column_text extra_classes=\"lead text-justify\"]<strong>To wielkie osi\u0105gni\u0119cie, kt\u00f3re rozpocz\u0119\u0142o si\u0119 dzi\u0119ki wizji i wytrwa\u0142o\u015bci trzech cz\u0142onk\u00f3w za\u0142o\u017cycieli \u2013 Paolo Bellandiego (zmar\u0142ego w 2015 r.), Lido Bendinellego i Sergio Paciniego \u2013 a dzi\u015b jest kontynuowane przez drugie pokolenie wraz z Bendinellim i Pacinim.<\/strong>[\/vc_column_text][\/vc_column][\/vc_row][vc_row][vc_column align=\"center\" align_sm=\"center\" width=\"1\/3\"][vc_single_image image=\"23953\"][\/vc_column][vc_column width=\"1\/3\"][vc_single_image image=\"23957\"][\/vc_column][vc_column width=\"1\/3\"][vc_single_image image=\"23961\"][\/vc_column][\/vc_row][vc_row][vc_column][vc_column_text extra_classes=\"lead text-justify\"]<strong>Program obejmowa\u0142 wizyt\u0119 w dw\u00f3ch fabrykach przy Via delle Cerbaie i Spianate di Altopascio, gdzie odbywa si\u0119 100% produkcji i sk\u0105d produkty trafiaj\u0105 do ponad 100 kraj\u00f3w na ca\u0142ym \u015bwiecie.<\/strong>[\/vc_column_text][\/vc_column][\/vc_row][vc_row][vc_column align=\"center\" align_sm=\"center\" width=\"1\/3\"][vc_single_image image=\"23979\" image_size=\"large\"][\/vc_column][vc_column width=\"1\/3\"][vc_single_image image=\"23972\"][\/vc_column][vc_column width=\"1\/3\"][vc_single_image image=\"23973\"][\/vc_column][\/vc_row][vc_row][vc_column][vc_column_text extra_classes=\"lead text-justify\"]<strong>W centrum wizyt znajduje si\u0119 nowy magazyn automatyczny, dzia\u0142aj\u0105cy od wrze\u015bnia ubieg\u0142ego roku, kt\u00f3ry stanowi jedn\u0105 z g\u0142\u00f3wnych inwestycji firmy, kt\u00f3ra w ci\u0105gu ostatnich pi\u0119ciu lat osi\u0105gn\u0119\u0142a 35 milion\u00f3w, co stanowi ponad 10% obrotu.<\/strong>[\/vc_column_text][\/vc_column][\/vc_row][vc_row][vc_column align=\"center\" align_sm=\"center\" width=\"1\/3\"][vc_single_image image=\"23951\"][\/vc_column][vc_column width=\"1\/3\"][vc_single_image image=\"23955\"][\/vc_column][vc_column width=\"1\/3\"][vc_single_image image=\"23959\"][\/vc_column][\/vc_row][vc_row][vc_column][vc_column_text extra_classes=\"lead text-justify\"]<strong>Wizyta, kt\u00f3ra zamiast celebrowa\u0107 przesz\u0142o\u015b\u0107, mia\u0142a na celu wytyczenie kierunk\u00f3w przysz\u0142ego rozwoju Fapim we W\u0142oszech i na \u015bwiecie.\r\n<\/strong>[\/vc_column_text][\/vc_column][\/vc_row][vc_row][vc_column align=\"center\" align_sm=\"center\" width=\"1\/3\"][vc_single_image image=\"23952\"][\/vc_column][vc_column width=\"1\/3\"][vc_single_image image=\"23956\"][\/vc_column][vc_column width=\"1\/3\"][vc_single_image image=\"23960\"][\/vc_column][\/vc_row][vc_row][vc_column][vc_column_text extra_classes=\"lead text-justify\"]<strong>Idealnym zako\u0144czeniem obchod\u00f3w by\u0142a kolacja po\u015bwi\u0119cona 500 pracownikom, kt\u00f3ra odby\u0142a si\u0119 w jednej z najbardziej sugestywnych budowli w Lukce, Real Collegio, podczas wieczoru ubranego w barwy firmy w ramach wydarzenia po\u015bwi\u0119conego rodzinie Fapim, zjednoczonej i sp\u00f3jnie od 50 lat, aby jak najlepiej sprosta\u0107 wyzwaniom wzrostu oraz zr\u00f3wnowa\u017conego rozwoju spo\u0142ecznego i \u015brodowiskowego, kt\u00f3re zawsze wyr\u00f3\u017cnia\u0142y toska\u0144sk\u0105 firm\u0119.<\/strong>[\/vc_column_text][\/vc_column][\/vc_row][vc_row][vc_column width=\"1\/1\"][vc_single_image image=\"23793\"][\/vc_column][\/vc_row]","_pl_post_name":"obchody-50-lat-fapim-klienci-z-12-krajow-oraz-impreza-dla-500-pracownikow","_pl_post_excerpt":"Fapim z Altopascio, firmy produkuj\u0105cej akcesoria do okien i drzwi, zatrudniaj\u0105cej 500 pracownik\u00f3w i osi\u0105gaj\u0105cej obr\u00f3t w wysoko\u015bci 57 milion\u00f3w euro w 2023 r., kt\u00f3ra eksportuje na ca\u0142y \u015bwiat ponad 90% swojej w 100% wyprodukowanej we W\u0142oszech produkcji, zako\u0144czy\u0142 obchody pi\u0119\u0107dziesi\u0119ciu lat dzia\u0142alno\u015bci.","_pl_post_title":"50 LAT FAPIM","edit_language":"pl","footnotes":""},"categories":[57,40],"tags":[],"class_list":["post-23963","post","type-post","status-publish","format-standard","has-post-thumbnail","hentry","category-news-mobile","category-eventi-e-news"],"_links":{"self":[{"href":"https:\/\/www.fapim.it\/pl\/wp-json\/wp\/v2\/posts\/23963","targetHints":{"allow":["GET"]}}],"collection":[{"href":"https:\/\/www.fapim.it\/pl\/wp-json\/wp\/v2\/posts"}],"about":[{"href":"https:\/\/www.fapim.it\/pl\/wp-json\/wp\/v2\/types\/post"}],"author":[{"embeddable":true,"href":"https:\/\/www.fapim.it\/pl\/wp-json\/wp\/v2\/users\/4"}],"replies":[{"embeddable":true,"href":"https:\/\/www.fapim.it\/pl\/wp-json\/wp\/v2\/comments?post=23963"}],"version-history":[{"count":24,"href":"https:\/\/www.fapim.it\/pl\/wp-json\/wp\/v2\/posts\/23963\/revisions"}],"predecessor-version":[{"id":24013,"href":"https:\/\/www.fapim.it\/pl\/wp-json\/wp\/v2\/posts\/23963\/revisions\/24013"}],"wp:featuredmedia":[{"embeddable":true,"href":"https:\/\/www.fapim.it\/pl\/wp-json\/wp\/v2\/media\/23966"}],"wp:attachment":[{"href":"https:\/\/www.fapim.it\/pl\/wp-json\/wp\/v2\/media?parent=23963"}],"wp:term":[{"taxonomy":"category","embeddable":true,"href":"https:\/\/www.fapim.it\/pl\/wp-json\/wp\/v2\/categories?post=23963"},{"taxonomy":"post_tag","embeddable":true,"href":"https:\/\/www.fapim.it\/pl\/wp-json\/wp\/v2\/tags?post=23963"}],"curies":[{"name":"wp","href":"https:\/\/api.w.org\/{rel}","templated":true}]}}