   {"id":24084,"date":"2024-09-27T11:09:41","date_gmt":"2024-09-27T09:09:41","guid":{"rendered":"https:\/\/www.fapim.it\/it\/?p=24084"},"modified":"2024-09-27T11:09:41","modified_gmt":"2024-09-27T09:09:41","slug":"glassbuildamerica-2024","status":"publish","type":"post","link":"https:\/\/www.fapim.it\/ru\/eventi-e-news\/glassbuildamerica-2024\/","title":{"rendered":"GlassBuildAmerica 2024","raw":"GlassBuildAmerica 2024"},"content":{"rendered":"<section class=\"section  text-normal section-text-no-shadow section-inner-no-shadow section-normal section-opaque\"  >\r\n    \r\n    <div class=\"background-overlay grid-overlay-0 \" style=\"background-color: rgba(0,0,0,0);\"><\/div>\r\n\r\n    <div class=\"container container-vertical-default\">\r\n        <div class=\"row vertical-default\">\r\n            <div class=\"col-md-12     text-default small-screen-default\"  ><div class=\"col-text-1 text-normal lead text-justify element-top-20 element-bottom-20\" data-os-animation=\"none\" data-os-animation-delay=\"0s\">\r\n    <p><strong>\u0412\u044b\u0441\u0442\u0430\u0432\u043a\u0430 Glass Build America \u043d\u0430\u0447\u043d\u0435\u0442\u0441\u044f \u0432 \u043f\u043e\u043d\u0435\u0434\u0435\u043b\u044c\u043d\u0438\u043a, 30 \u0441\u0435\u043d\u0442\u044f\u0431\u0440\u044f, \u0438 \u0432 \u044d\u0442\u043e\u043c \u0432\u044b\u043f\u0443\u0441\u043a\u0435 \u043f\u0440\u043e\u0439\u0434\u0435\u0442 \u0432 \u0414\u0430\u043b\u043b\u0430\u0441\u0435. \u0421 \u043f\u043e\u0441\u043b\u0435\u0434\u043d\u0438\u043c\u0438 \u043d\u043e\u0432\u043e\u0441\u0442\u044f\u043c\u0438 \u0432\u044b \u043d\u0430\u0439\u0434\u0435\u0442\u0435 \u043d\u0430\u0441 \u043d\u0430 \u0441\u0442\u0435\u043d\u0434\u0435 23015 Halls AE.<\/strong><\/p>\n<\/div>\r\n<div class=\"figure element-top-20 element-bottom-20  \" data-os-animation=\"none\" data-os-animation-delay=\"0s\">\r\n            <a href=\"https:\/\/www.fapim.it\/wp-content\/uploads\/2024\/09\/01_GlassAmerica-scaled.jpg\" class=\"figure-image magnific\" target=\"_self\">\r\n        <img loading=\"lazy\" decoding=\"async\" width=\"2560\" height=\"798\" src=\"https:\/\/www.fapim.it\/wp-content\/uploads\/2024\/09\/01_GlassAmerica-scaled.jpg\" class=\"attachment-full size-full\" alt=\"\" srcset=\"https:\/\/www.fapim.it\/wp-content\/uploads\/2024\/09\/01_GlassAmerica-scaled.jpg 2560w, https:\/\/www.fapim.it\/wp-content\/uploads\/2024\/09\/01_GlassAmerica-300x94.jpg 300w, https:\/\/www.fapim.it\/wp-content\/uploads\/2024\/09\/01_GlassAmerica-1024x319.jpg 1024w, https:\/\/www.fapim.it\/wp-content\/uploads\/2024\/09\/01_GlassAmerica-768x239.jpg 768w, https:\/\/www.fapim.it\/wp-content\/uploads\/2024\/09\/01_GlassAmerica-1536x479.jpg 1536w, https:\/\/www.fapim.it\/wp-content\/uploads\/2024\/09\/01_GlassAmerica-2048x638.jpg 2048w\" sizes=\"auto, (max-width: 2560px) 100vw, 2560px\" \/>            <\/a>\r\n    <\/div>\r\n<\/div>        <\/div>\r\n    <\/div>\r\n<\/section>\r\n<section class=\"section  text-normal section-text-no-shadow section-inner-no-shadow section-normal section-opaque\"  >\r\n    \r\n    <div class=\"background-overlay grid-overlay-0 \" style=\"background-color: rgba(0,0,0,0);\"><\/div>\r\n\r\n    <div class=\"container container-vertical-default\">\r\n        <div class=\"row vertical-default\">\r\n            <div class=\"col-md-12     text-default small-screen-default\"  ><div class=\"figure element-top-20 element-bottom-20  \" data-os-animation=\"none\" data-os-animation-delay=\"0s\">\r\n            <a href=\"https:\/\/www.fapim.it\/wp-content\/uploads\/2024\/09\/02GLASSA.jpg\" class=\"figure-image magnific\" target=\"_self\">\r\n        <img loading=\"lazy\" decoding=\"async\" width=\"849\" height=\"567\" src=\"https:\/\/www.fapim.it\/wp-content\/uploads\/2024\/09\/02GLASSA.jpg\" class=\"attachment-full size-full\" alt=\"\" srcset=\"https:\/\/www.fapim.it\/wp-content\/uploads\/2024\/09\/02GLASSA.jpg 849w, https:\/\/www.fapim.it\/wp-content\/uploads\/2024\/09\/02GLASSA-300x200.jpg 300w, https:\/\/www.fapim.it\/wp-content\/uploads\/2024\/09\/02GLASSA-768x513.jpg 768w, https:\/\/www.fapim.it\/wp-content\/uploads\/2024\/09\/02GLASSA-600x400.jpg 600w\" sizes=\"auto, (max-width: 849px) 100vw, 849px\" \/>            <\/a>\r\n    <\/div>\r\n<\/div>        <\/div>\r\n    <\/div>\r\n<\/section>\r\n<section class=\"section  text-normal section-text-no-shadow section-inner-no-shadow section-normal section-opaque\"  >\r\n    \r\n    <div class=\"background-overlay grid-overlay-0 \" style=\"background-color: rgba(0,0,0,0);\"><\/div>\r\n\r\n    <div class=\"container container-vertical-default\">\r\n        <div class=\"row vertical-default\">\r\n            <div class=\"col-md-4     text-default small-screen-default\"  ><div class=\"figure element-top-20 element-bottom-20  \" data-os-animation=\"none\" data-os-animation-delay=\"0s\">\r\n            <a href=\"https:\/\/www.fapim.it\/wp-content\/uploads\/2024\/09\/04GLASSA.jpg\" class=\"figure-image magnific\" target=\"_self\">\r\n        <img loading=\"lazy\" decoding=\"async\" width=\"849\" height=\"567\" src=\"https:\/\/www.fapim.it\/wp-content\/uploads\/2024\/09\/04GLASSA.jpg\" class=\"attachment-full size-full\" alt=\"\" srcset=\"https:\/\/www.fapim.it\/wp-content\/uploads\/2024\/09\/04GLASSA.jpg 849w, https:\/\/www.fapim.it\/wp-content\/uploads\/2024\/09\/04GLASSA-300x200.jpg 300w, https:\/\/www.fapim.it\/wp-content\/uploads\/2024\/09\/04GLASSA-768x513.jpg 768w, https:\/\/www.fapim.it\/wp-content\/uploads\/2024\/09\/04GLASSA-600x400.jpg 600w\" sizes=\"auto, (max-width: 849px) 100vw, 849px\" \/>            <\/a>\r\n    <\/div>\r\n<\/div><div class=\"col-md-4     text-default small-screen-default\"  ><div class=\"figure element-top-20 element-bottom-20  \" data-os-animation=\"none\" data-os-animation-delay=\"0s\">\r\n            <a href=\"https:\/\/www.fapim.it\/wp-content\/uploads\/2024\/09\/05GLASSA.jpg\" class=\"figure-image magnific\" target=\"_self\">\r\n        <img loading=\"lazy\" decoding=\"async\" width=\"849\" height=\"567\" src=\"https:\/\/www.fapim.it\/wp-content\/uploads\/2024\/09\/05GLASSA.jpg\" class=\"attachment-full size-full\" alt=\"\" srcset=\"https:\/\/www.fapim.it\/wp-content\/uploads\/2024\/09\/05GLASSA.jpg 849w, https:\/\/www.fapim.it\/wp-content\/uploads\/2024\/09\/05GLASSA-300x200.jpg 300w, https:\/\/www.fapim.it\/wp-content\/uploads\/2024\/09\/05GLASSA-768x513.jpg 768w, https:\/\/www.fapim.it\/wp-content\/uploads\/2024\/09\/05GLASSA-600x400.jpg 600w\" sizes=\"auto, (max-width: 849px) 100vw, 849px\" \/>            <\/a>\r\n    <\/div>\r\n<\/div><div class=\"col-md-4     text-default small-screen-default\"  ><div class=\"figure element-top-20 element-bottom-20  \" data-os-animation=\"none\" data-os-animation-delay=\"0s\">\r\n            <a href=\"https:\/\/www.fapim.it\/wp-content\/uploads\/2024\/09\/03GLASSA.jpg\" class=\"figure-image magnific\" target=\"_self\">\r\n        <img loading=\"lazy\" decoding=\"async\" width=\"849\" height=\"567\" src=\"https:\/\/www.fapim.it\/wp-content\/uploads\/2024\/09\/03GLASSA.jpg\" class=\"attachment-full size-full\" alt=\"\" srcset=\"https:\/\/www.fapim.it\/wp-content\/uploads\/2024\/09\/03GLASSA.jpg 849w, https:\/\/www.fapim.it\/wp-content\/uploads\/2024\/09\/03GLASSA-300x200.jpg 300w, https:\/\/www.fapim.it\/wp-content\/uploads\/2024\/09\/03GLASSA-768x513.jpg 768w, https:\/\/www.fapim.it\/wp-content\/uploads\/2024\/09\/03GLASSA-600x400.jpg 600w\" sizes=\"auto, (max-width: 849px) 100vw, 849px\" \/>            <\/a>\r\n    <\/div>\r\n<\/div>        <\/div>\r\n    <\/div>\r\n<\/section>\n","protected":false,"raw":"[vc_row][vc_column][vc_column_text extra_classes=\"lead text-justify\"]<strong>\u0412\u044b\u0441\u0442\u0430\u0432\u043a\u0430 Glass Build America \u043d\u0430\u0447\u043d\u0435\u0442\u0441\u044f \u0432 \u043f\u043e\u043d\u0435\u0434\u0435\u043b\u044c\u043d\u0438\u043a, 30 \u0441\u0435\u043d\u0442\u044f\u0431\u0440\u044f, \u0438 \u0432 \u044d\u0442\u043e\u043c \u0432\u044b\u043f\u0443\u0441\u043a\u0435 \u043f\u0440\u043e\u0439\u0434\u0435\u0442 \u0432 \u0414\u0430\u043b\u043b\u0430\u0441\u0435. \u0421 \u043f\u043e\u0441\u043b\u0435\u0434\u043d\u0438\u043c\u0438 \u043d\u043e\u0432\u043e\u0441\u0442\u044f\u043c\u0438 \u0432\u044b \u043d\u0430\u0439\u0434\u0435\u0442\u0435 \u043d\u0430\u0441 \u043d\u0430 \u0441\u0442\u0435\u043d\u0434\u0435 23015 Halls AE.<\/strong>[\/vc_column_text][vc_single_image image=\"24087\"][\/vc_column][\/vc_row][vc_row][vc_column width=\"1\/1\"][vc_single_image image=\"24092\"][\/vc_column][\/vc_row][vc_row][vc_column width=\"1\/3\"][vc_single_image image=\"24095\"][\/vc_column][vc_column width=\"1\/3\"][vc_single_image image=\"24096\"][\/vc_column][vc_column width=\"1\/3\"][vc_single_image image=\"24094\"][\/vc_column][\/vc_row]"},"excerpt":{"rendered":"<p>\u0412\u044b\u0441\u0442\u0430\u0432\u043a\u0430 Glass Build America \u043d\u0430\u0447\u043d\u0435\u0442\u0441\u044f \u0432 \u043f\u043e\u043d\u0435\u0434\u0435\u043b\u044c\u043d\u0438\u043a, 30 \u0441\u0435\u043d\u0442\u044f\u0431\u0440\u044f, \u0438 \u0432 \u044d\u0442\u043e\u043c \u0432\u044b\u043f\u0443\u0441\u043a\u0435 \u043f\u0440\u043e\u0439\u0434\u0435\u0442 \u0432 \u0414\u0430\u043b\u043b\u0430\u0441\u0435.<\/p>\n","protected":false,"raw":"\u0412\u044b\u0441\u0442\u0430\u0432\u043a\u0430 Glass Build America \u043d\u0430\u0447\u043d\u0435\u0442\u0441\u044f \u0432 \u043f\u043e\u043d\u0435\u0434\u0435\u043b\u044c\u043d\u0438\u043a, 30 \u0441\u0435\u043d\u0442\u044f\u0431\u0440\u044f, \u0438 \u0432 \u044d\u0442\u043e\u043c \u0432\u044b\u043f\u0443\u0441\u043a\u0435 \u043f\u0440\u043e\u0439\u0434\u0435\u0442 \u0432 \u0414\u0430\u043b\u043b\u0430\u0441\u0435."},"author":4,"featured_media":24088,"comment_status":"open","ping_status":"open","sticky":false,"template":"","format":"standard","meta":{"_it_post_content":"[vc_row][vc_column][vc_column_text extra_classes=\"lead text-justify\"]<strong>Comincer\u00e0 luned\u00ec 30 settembre la fiera Glass Build America che per questa edizione si terr\u00e0 a Dallas, ci troverete allo stand 23015 Halls A-E con le ultime novit\u00e0!<\/strong>[\/vc_column_text][vc_single_image image=\"24087\"][\/vc_column][\/vc_row][vc_row][vc_column width=\"1\/1\"][vc_single_image image=\"24092\"][\/vc_column][\/vc_row][vc_row][vc_column width=\"1\/3\"][vc_single_image image=\"24095\"][\/vc_column][vc_column width=\"1\/3\"][vc_single_image image=\"24096\"][\/vc_column][vc_column width=\"1\/3\"][vc_single_image image=\"24094\"][\/vc_column][\/vc_row]","_it_post_name":"glassbuildamerica-2024","_it_post_excerpt":"Comincer\u00e0 luned\u00ec 30 settembre la fiera Glass Build America che per questa edizione si terr\u00e0 a Dallas.","_it_post_title":"GlassBuildAmerica 2024","_en_post_content":"[vc_row][vc_column][vc_column_text extra_classes=\"lead text-justify\"]<strong>The Glass Build America fair will begin on Monday 30 September and will be held in Dallas for this edition. You will find us at stand 23015 Halls A-E with the latest news!<\/strong>[\/vc_column_text][vc_single_image image=\"24087\"][\/vc_column][\/vc_row][vc_row][vc_column width=\"1\/1\"][vc_single_image image=\"24092\"][\/vc_column][\/vc_row][vc_row][vc_column width=\"1\/3\"][vc_single_image image=\"24095\"][\/vc_column][vc_column width=\"1\/3\"][vc_single_image image=\"24096\"][\/vc_column][vc_column width=\"1\/3\"][vc_single_image image=\"24094\"][\/vc_column][\/vc_row]","_en_post_name":"glassbuildamerica-2024","_en_post_excerpt":"The Glass Build America fair will begin on Monday 30 September and will be held in Dallas for this edition.","_en_post_title":"GlassBuildAmerica 2024","_fr_post_content":"[vc_row][vc_column][vc_column_text extra_classes=\"lead text-justify\"]<strong>Le salon Glass Build America d\u00e9butera le lundi 30 septembre et se tiendra \u00e0 Dallas pour cette \u00e9dition. Vous nous retrouverez au stand 23015 Halls A-E avec les derni\u00e8res nouveaut\u00e9s !<\/strong>[\/vc_column_text][vc_single_image image=\"24087\"][\/vc_column][\/vc_row][vc_row][vc_column width=\"1\/1\"][vc_single_image image=\"24092\"][\/vc_column][\/vc_row][vc_row][vc_column width=\"1\/3\"][vc_single_image image=\"24095\"][\/vc_column][vc_column width=\"1\/3\"][vc_single_image image=\"24096\"][\/vc_column][vc_column width=\"1\/3\"][vc_single_image image=\"24094\"][\/vc_column][\/vc_row]","_fr_post_name":"glassbuildamerica-2024","_fr_post_excerpt":"Le salon Glass Build America d\u00e9butera le lundi 30 septembre et se tiendra \u00e0 Dallas pour cette \u00e9dition.","_fr_post_title":"GlassBuildAmerica 2024","_es_post_content":"[vc_row][vc_column][vc_column_text extra_classes=\"lead text-justify\"]<strong>La feria Glass Build America comenzar\u00e1 el lunes 30 de septiembre y para esta edici\u00f3n se celebrar\u00e1 en Dallas. \u00a1Nos encontrar\u00e1s en el stand 23015 Halls A-E con las \u00faltimas novedades!<\/strong>[\/vc_column_text][vc_single_image image=\"24087\"][\/vc_column][\/vc_row][vc_row][vc_column width=\"1\/1\"][vc_single_image image=\"24092\"][\/vc_column][\/vc_row][vc_row][vc_column width=\"1\/3\"][vc_single_image image=\"24095\"][\/vc_column][vc_column width=\"1\/3\"][vc_single_image image=\"24096\"][\/vc_column][vc_column width=\"1\/3\"][vc_single_image image=\"24094\"][\/vc_column][\/vc_row]","_es_post_name":"glassbuildamerica-2024","_es_post_excerpt":"La feria Glass Build America comenzar\u00e1 el lunes 30 de septiembre y para esta edici\u00f3n se celebrar\u00e1 en Dallas.","_es_post_title":"GlassBuildAmerica 2024","_ru_post_content":"[vc_row][vc_column][vc_column_text extra_classes=\"lead text-justify\"]<strong>\u0412\u044b\u0441\u0442\u0430\u0432\u043a\u0430 Glass Build America \u043d\u0430\u0447\u043d\u0435\u0442\u0441\u044f \u0432 \u043f\u043e\u043d\u0435\u0434\u0435\u043b\u044c\u043d\u0438\u043a, 30 \u0441\u0435\u043d\u0442\u044f\u0431\u0440\u044f, \u0438 \u0432 \u044d\u0442\u043e\u043c \u0432\u044b\u043f\u0443\u0441\u043a\u0435 \u043f\u0440\u043e\u0439\u0434\u0435\u0442 \u0432 \u0414\u0430\u043b\u043b\u0430\u0441\u0435. \u0421 \u043f\u043e\u0441\u043b\u0435\u0434\u043d\u0438\u043c\u0438 \u043d\u043e\u0432\u043e\u0441\u0442\u044f\u043c\u0438 \u0432\u044b \u043d\u0430\u0439\u0434\u0435\u0442\u0435 \u043d\u0430\u0441 \u043d\u0430 \u0441\u0442\u0435\u043d\u0434\u0435 23015 Halls AE.<\/strong>[\/vc_column_text][vc_single_image image=\"24087\"][\/vc_column][\/vc_row][vc_row][vc_column width=\"1\/1\"][vc_single_image image=\"24092\"][\/vc_column][\/vc_row][vc_row][vc_column width=\"1\/3\"][vc_single_image image=\"24095\"][\/vc_column][vc_column width=\"1\/3\"][vc_single_image image=\"24096\"][\/vc_column][vc_column width=\"1\/3\"][vc_single_image image=\"24094\"][\/vc_column][\/vc_row]","_ru_post_name":"glassbuildamerica-2024","_ru_post_excerpt":"\u0412\u044b\u0441\u0442\u0430\u0432\u043a\u0430 Glass Build America \u043d\u0430\u0447\u043d\u0435\u0442\u0441\u044f \u0432 \u043f\u043e\u043d\u0435\u0434\u0435\u043b\u044c\u043d\u0438\u043a, 30 \u0441\u0435\u043d\u0442\u044f\u0431\u0440\u044f, \u0438 \u0432 \u044d\u0442\u043e\u043c \u0432\u044b\u043f\u0443\u0441\u043a\u0435 \u043f\u0440\u043e\u0439\u0434\u0435\u0442 \u0432 \u0414\u0430\u043b\u043b\u0430\u0441\u0435.","_ru_post_title":"GlassBuildAmerica 2024","_pl_post_content":"[vc_row][vc_column][vc_column_text extra_classes=\"lead text-justify\"]<strong>Targi Glass Build America rozpoczn\u0105 si\u0119 w poniedzia\u0142ek 30 wrze\u015bnia i podczas tej edycji odb\u0119d\u0105 si\u0119 w Dallas. Z naj\u015bwie\u017cszymi wiadomo\u015bciami znajdziesz nas na stoisku 23015 Halls A-E!<\/strong>[\/vc_column_text][vc_single_image image=\"24087\"][\/vc_column][\/vc_row][vc_row][vc_column width=\"1\/1\"][vc_single_image image=\"24092\"][\/vc_column][\/vc_row][vc_row][vc_column width=\"1\/3\"][vc_single_image image=\"24095\"][\/vc_column][vc_column width=\"1\/3\"][vc_single_image image=\"24096\"][\/vc_column][vc_column width=\"1\/3\"][vc_single_image image=\"24094\"][\/vc_column][\/vc_row]","_pl_post_name":"glassbuildamerica-2024","_pl_post_excerpt":"Targi Glass Build America rozpoczn\u0105 si\u0119 w poniedzia\u0142ek 30 wrze\u015bnia i podczas tej edycji odb\u0119d\u0105 si\u0119 w Dallas.","_pl_post_title":"GlassBuildAmerica 2024","edit_language":"ru","footnotes":""},"categories":[57,40],"tags":[],"class_list":["post-24084","post","type-post","status-publish","format-standard","has-post-thumbnail","hentry","category-news-mobile","category-eventi-e-news"],"_links":{"self":[{"href":"https:\/\/www.fapim.it\/ru\/wp-json\/wp\/v2\/posts\/24084","targetHints":{"allow":["GET"]}}],"collection":[{"href":"https:\/\/www.fapim.it\/ru\/wp-json\/wp\/v2\/posts"}],"about":[{"href":"https:\/\/www.fapim.it\/ru\/wp-json\/wp\/v2\/types\/post"}],"author":[{"embeddable":true,"href":"https:\/\/www.fapim.it\/ru\/wp-json\/wp\/v2\/users\/4"}],"replies":[{"embeddable":true,"href":"https:\/\/www.fapim.it\/ru\/wp-json\/wp\/v2\/comments?post=24084"}],"version-history":[{"count":6,"href":"https:\/\/www.fapim.it\/ru\/wp-json\/wp\/v2\/posts\/24084\/revisions"}],"predecessor-version":[{"id":24100,"href":"https:\/\/www.fapim.it\/ru\/wp-json\/wp\/v2\/posts\/24084\/revisions\/24100"}],"wp:featuredmedia":[{"embeddable":true,"href":"https:\/\/www.fapim.it\/ru\/wp-json\/wp\/v2\/media\/24088"}],"wp:attachment":[{"href":"https:\/\/www.fapim.it\/ru\/wp-json\/wp\/v2\/media?parent=24084"}],"wp:term":[{"taxonomy":"category","embeddable":true,"href":"https:\/\/www.fapim.it\/ru\/wp-json\/wp\/v2\/categories?post=24084"},{"taxonomy":"post_tag","embeddable":true,"href":"https:\/\/www.fapim.it\/ru\/wp-json\/wp\/v2\/tags?post=24084"}],"curies":[{"name":"wp","href":"https:\/\/api.w.org\/{rel}","templated":true}]}}